{"id":145838,"date":"2025-11-09T21:33:14","date_gmt":"2025-11-09T21:33:14","guid":{"rendered":"https:\/\/www.europesays.com\/pt\/145838\/"},"modified":"2025-11-09T21:33:14","modified_gmt":"2025-11-09T21:33:14","slug":"da-new-balance-a-adidas-9-tenis-que-sao-confortaveis-e-tendencia","status":"publish","type":"post","link":"https:\/\/www.europesays.com\/pt\/145838\/","title":{"rendered":"Da New Balance \u00e0 Adidas: 9 t\u00e9nis que s\u00e3o confort\u00e1veis (e tend\u00eancia)"},"content":{"rendered":"<p>Quando escolhemos t\u00e9nis temos de ter em conta as tend\u00eancias, claro, mas n\u00e3o deve ser o \u00fanico crit\u00e9rio com import\u00e2ncia. Tamb\u00e9m devemos tentar apostar nas op\u00e7\u00f5es mais confort\u00e1veis para conseguirmos andar o dia inteiro de um lado para o outro.\u00a0<\/p>\n<p>Felizmente, existem muitos t\u00e9nis que preenchem todos os requisitos e de marcas populares, como a Nike, a Adidas, a New Balance ou a Vans. Todas est\u00e3o dispon\u00edveis em lojas pr\u00f3prias, assim como em espa\u00e7os de multimarca, como a Sport Zone.\u00a0<\/p>\n<p>\u00c9 l\u00e1 que encontras t\u00e9nis como os\u00a0<a href=\"https:\/\/versa.iol.pt\/cristina-ferreira\/tenis\/tenis-new-balance-de-cristina-ferreira-ja-estao-na-nossa-lista-e-ha-saldos\/20251022\/68f8bed1d34ee0c2fed18a45\" rel=\"nofollow noopener\" target=\"_blank\">New Balance 530, os favoritos de Cristina Ferreira<\/a>, em tons outonais ou mais neutros e com uma est\u00e9tica retro, algo muito procurado pelas It girls.\u00a0Tamb\u00e9m podes sempre optar pelos\u00a0Nike V5 Rnr\u00a0que t\u00eam um estilo semelhante e est\u00e3o dispon\u00edveis em castanho, mas num tom muito semelhante <a href=\"https:\/\/versa.iol.pt\/moda\/pantone\/e-a-cor-do-ano-para-2025-e-amiga-da-tendencia-quiet-luxury\/20241205\/6751b9ebd34ea1acf271768e\" rel=\"nofollow noopener\" target=\"_blank\">ao mocha mousse, a cor do ano, segundo a Pantone<\/a>.\u00a0<\/p>\n<p>Tamb\u00e9m n\u00e3o faltam op\u00e7\u00f5es cl\u00e1ssicas e desde sempre elogiadas pelo conforto, como as\u00a0Vans Filmore Ch\u00a0ou outras que s\u00e3o muito populares especialmente entre os f\u00e3s de t\u00e9nis.\u00a0<a href=\"https:\/\/versa.iol.pt\/moda\/adidas\/encontramos-tenis-nike-e-adidas-com-grandes-descontos-incluindo-os-samba\/20241227\/676e8e0bd34ea1acf2723d5d\" rel=\"nofollow noopener\" target=\"_blank\">como os\u00a0Nike Court Vision Low<\/a>.\u00a0<\/p>\n<p>Temos v\u00e1rias sugest\u00f5es na galeria de imagens que deves espreitar para escolheres as sapatilhas que mais combinam com o teu estilo.<\/p>\n","protected":false},"excerpt":{"rendered":"Quando escolhemos t\u00e9nis temos de ter em conta as tend\u00eancias, claro, mas n\u00e3o deve ser o \u00fanico crit\u00e9rio&hellip;\n","protected":false},"author":2,"featured_media":145839,"comment_status":"","ping_status":"","sticky":false,"template":"","format":"standard","meta":{"footnotes":""},"categories":[85],"tags":[5781,1081,204,114,115,754,186,1079,2350,32,33,31964,2349,31965,1078,1080],"class_list":{"0":"post-145838","1":"post","2":"type-post","3":"status-publish","4":"format-standard","5":"has-post-thumbnail","7":"category-entretenimento","8":"tag-adidas","9":"tag-beleza","10":"tag-design","11":"tag-entertainment","12":"tag-entretenimento","13":"tag-gastronomia","14":"tag-lifestyle","15":"tag-moda","16":"tag-new-balance","17":"tag-portugal","18":"tag-pt","19":"tag-sport-zone","20":"tag-tenis","21":"tag-vans","22":"tag-versa","23":"tag-viagens"},"share_on_mastodon":{"url":"https:\/\/pubeurope.com\/@pt\/115521886980702245","error":""},"_links":{"self":[{"href":"https:\/\/www.europesays.com\/pt\/wp-json\/wp\/v2\/posts\/145838","targetHints":{"allow":["GET"]}}],"collection":[{"href":"https:\/\/www.europesays.com\/pt\/wp-json\/wp\/v2\/posts"}],"about":[{"href":"https:\/\/www.europesays.com\/pt\/wp-json\/wp\/v2\/types\/post"}],"author":[{"embeddable":true,"href":"https:\/\/www.europesays.com\/pt\/wp-json\/wp\/v2\/users\/2"}],"replies":[{"embeddable":true,"href":"https:\/\/www.europesays.com\/pt\/wp-json\/wp\/v2\/comments?post=145838"}],"version-history":[{"count":0,"href":"https:\/\/www.europesays.com\/pt\/wp-json\/wp\/v2\/posts\/145838\/revisions"}],"wp:featuredmedia":[{"embeddable":true,"href":"https:\/\/www.europesays.com\/pt\/wp-json\/wp\/v2\/media\/145839"}],"wp:attachment":[{"href":"https:\/\/www.europesays.com\/pt\/wp-json\/wp\/v2\/media?parent=145838"}],"wp:term":[{"taxonomy":"category","embeddable":true,"href":"https:\/\/www.europesays.com\/pt\/wp-json\/wp\/v2\/categories?post=145838"},{"taxonomy":"post_tag","embeddable":true,"href":"https:\/\/www.europesays.com\/pt\/wp-json\/wp\/v2\/tags?post=145838"}],"curies":[{"name":"wp","href":"https:\/\/api.w.org\/{rel}","templated":true}]}}