{"id":14585,"date":"2025-08-03T19:07:12","date_gmt":"2025-08-03T19:07:12","guid":{"rendered":"https:\/\/www.europesays.com\/pt\/14585\/"},"modified":"2025-08-03T19:07:12","modified_gmt":"2025-08-03T19:07:12","slug":"surpresa-na-apresentacao-do-fc-porto-aos-socios-luuk-de-jong-e-reforco-futebol","status":"publish","type":"post","link":"https:\/\/www.europesays.com\/pt\/14585\/","title":{"rendered":"Surpresa na apresenta\u00e7\u00e3o do FC Porto aos s\u00f3cios: Luuk de Jong \u00e9 refor\u00e7o | Futebol"},"content":{"rendered":"<p>Foi a surpresa total, neste domingo, no Est\u00e1dio do Drag\u00e3o, quando o avan\u00e7ado neerland\u00eas Luuk de Jong, de 34 anos, foi apresentado como refor\u00e7o dos &#8220;drag\u00f5es&#8221; para a pr\u00f3xima temporada, pouco antes do jogo particular desta tarde com o Atl\u00e9tico de Madrid e que serve de apresenta\u00e7\u00e3o do FC Porto aos s\u00f3cios para a nova temporada.<\/p>\n<p>O jogador, que estava sem clube desde que tinha deixado o PSV Eindhoven no final da \u00e9poca passada, vai ser assim o novo camisola 26 portista, embora n\u00e3o participe na partida deste domingo com os &#8220;colchoneros&#8221;.<\/p>\n<p>O avan\u00e7ado neerland\u00eas chega ao FC Porto depois de tr\u00eas \u00e9pocas no clube de Eindhoven, onde fez um total de 74 golos e 39 assist\u00eancias em 134 jogos &#8211; na \u00faltima temporada apontou 18 golos e fez 11 assist\u00eancias em 47 jogos -, naquela que foi a sua segunda passagem pelo clube, depois de ali ter jogado de 2014 a 2019.<\/p>\n<p>Al\u00e9m das oito temporadas no PSV Eindhoven, Luuk de Jong jogou no Barcelona em 2021\/22, por empr\u00e9stimo do Sevilha, clube que representou de 2019 a 2021.<\/p>\n<p>De Jong, que tem ainda 39 internacionaliza\u00e7\u00f5es e oito golos pela selec\u00e7\u00e3o principal dos Pa\u00edses Baixos, juntou-se ao defesa central polaco Jan Bednarek (ex-Southampton), ao guarda-redes Jo\u00e3o Costa (ex-Estrela da Amadora), ao lateral direito Alberto Costa (ex-Juventus), ao defesa central croata Dominik Prpi\u0107 (ex-Hajduk Split), ao espanhol Gabri Veiga (ex-Al Ahli) e ao dinamarqu\u00eas Victor Froholdt (ex-Copenhaga), ambos m\u00e9dios, e ao extremo espanhol Borja Sainz (ex-Norwich) como oitavo refor\u00e7o do FC Porto para 2025\/26.<\/p>\n","protected":false},"excerpt":{"rendered":"Foi a surpresa total, neste domingo, no Est\u00e1dio do Drag\u00e3o, quando o avan\u00e7ado neerland\u00eas Luuk de Jong, de&hellip;\n","protected":false},"author":2,"featured_media":14586,"comment_status":"","ping_status":"","sticky":false,"template":"","format":"standard","meta":{"footnotes":""},"categories":[87],"tags":[995,135,353,282,524,32,33,134],"class_list":{"0":"post-14585","1":"post","2":"type-post","3":"status-publish","4":"format-standard","5":"has-post-thumbnail","7":"category-desporto","8":"tag-abre-conteudo","9":"tag-desporto","10":"tag-em-destaque","11":"tag-fc-porto","12":"tag-futebol","13":"tag-portugal","14":"tag-pt","15":"tag-sports"},"share_on_mastodon":{"url":"","error":""},"_links":{"self":[{"href":"https:\/\/www.europesays.com\/pt\/wp-json\/wp\/v2\/posts\/14585","targetHints":{"allow":["GET"]}}],"collection":[{"href":"https:\/\/www.europesays.com\/pt\/wp-json\/wp\/v2\/posts"}],"about":[{"href":"https:\/\/www.europesays.com\/pt\/wp-json\/wp\/v2\/types\/post"}],"author":[{"embeddable":true,"href":"https:\/\/www.europesays.com\/pt\/wp-json\/wp\/v2\/users\/2"}],"replies":[{"embeddable":true,"href":"https:\/\/www.europesays.com\/pt\/wp-json\/wp\/v2\/comments?post=14585"}],"version-history":[{"count":0,"href":"https:\/\/www.europesays.com\/pt\/wp-json\/wp\/v2\/posts\/14585\/revisions"}],"wp:featuredmedia":[{"embeddable":true,"href":"https:\/\/www.europesays.com\/pt\/wp-json\/wp\/v2\/media\/14586"}],"wp:attachment":[{"href":"https:\/\/www.europesays.com\/pt\/wp-json\/wp\/v2\/media?parent=14585"}],"wp:term":[{"taxonomy":"category","embeddable":true,"href":"https:\/\/www.europesays.com\/pt\/wp-json\/wp\/v2\/categories?post=14585"},{"taxonomy":"post_tag","embeddable":true,"href":"https:\/\/www.europesays.com\/pt\/wp-json\/wp\/v2\/tags?post=14585"}],"curies":[{"name":"wp","href":"https:\/\/api.w.org\/{rel}","templated":true}]}}