{"id":145881,"date":"2025-11-09T22:16:07","date_gmt":"2025-11-09T22:16:07","guid":{"rendered":"https:\/\/www.europesays.com\/pt\/145881\/"},"modified":"2025-11-09T22:16:07","modified_gmt":"2025-11-09T22:16:07","slug":"terras-selvagens-tem-estreia-otimista-nos-eua-veja","status":"publish","type":"post","link":"https:\/\/www.europesays.com\/pt\/145881\/","title":{"rendered":"Terras Selvagens tem estreia otimista nos EUA; veja"},"content":{"rendered":"<p><strong>Predador: Terras Selvagens<\/strong>, o mais novo filme da franquia Predador, quebrou o recorde de melhor estreia dom\u00e9stica dentro da franquia, alcan\u00e7ando US$40 milh\u00f5es em bilheteria nos Estados Unidos em seu primeiro final de semana.\u00a0<\/p>\n<p>O recorde anterior pertencia a Alien vs. Predador, que fez US$38,2 milh\u00f5es nas bilheterias americanas em seu primeiro final de semana em 2004.\u00a0<\/p>\n<p>            Continua depois da Publicidade<\/p>\n<p>A estreia otimista de Terras Selvagens, dirigido por <strong>Dan Trachtenberg<\/strong>, sinaliza um m\u00eas de novembro mais positivo para o cinema do que outubro, que foi o pior em arrecada\u00e7\u00e3o nos <a href=\"https:\/\/www.omelete.com.br\/filmes\/bilheteria-se-nao-fosse-voce-pior-final-de-semana\" rel=\"noopener nofollow\" target=\"_blank\">\u00faltimos 27 anos<\/a>.<\/p>\n<p>    Tudo sobre o novo\u00a0Predador<\/p>\n<p dir=\"ltr\">O filme \u00e9 estrelado por\u00a0<strong>Elle Fanning<\/strong>\u00a0e Dimitrius Schuster-Koloamatangi, e se passa no futuro, em um planeta remoto, onde um jovem Predador, exclu\u00eddo de seu cl\u00e3, encontra uma aliada improv\u00e1vel em Thia (Fanning), uma sint\u00e9tica da Weyland-Yutani (empresa dos filmes de\u00a0<strong>Alien<\/strong>) e embarca em uma jornada trai\u00e7oeira em busca do advers\u00e1rio final.<\/p>\n<p dir=\"ltr\">A obra \u00e9 dirigida por Dan Trachtenberg e produzida por\u00a0John Davis,\u00a0Dan Trachtenberg,\u00a0Marc Toberoff,\u00a0Ben Rosenblatt\u00a0e\u00a0Brent O&#8217;Connor.<\/p>\n<p dir=\"ltr\">Al\u00e9m deste filme, Trachtenberg, que dirigiu uma hist\u00f3ria de \u00e9poca centrada numa nativo-americana lutando contra o Predador em\u00a0Predador: A Ca\u00e7ada em 2022, tamb\u00e9m lan\u00e7ou um filme animado da franquia diretamente no Disney+.<\/p>\n<p>            Continua depois da Publicidade<\/p>\n","protected":false},"excerpt":{"rendered":"Predador: Terras Selvagens, o mais novo filme da franquia Predador, quebrou o recorde de melhor estreia dom\u00e9stica dentro&hellip;\n","protected":false},"author":2,"featured_media":145882,"comment_status":"","ping_status":"","sticky":false,"template":"","format":"standard","meta":{"footnotes":""},"categories":[140],"tags":[114,115,147,148,146,32,33],"class_list":{"0":"post-145881","1":"post","2":"type-post","3":"status-publish","4":"format-standard","5":"has-post-thumbnail","7":"category-filmes","8":"tag-entertainment","9":"tag-entretenimento","10":"tag-film","11":"tag-filmes","12":"tag-movies","13":"tag-portugal","14":"tag-pt"},"share_on_mastodon":{"url":"https:\/\/pubeurope.com\/@pt\/115522055909513409","error":""},"_links":{"self":[{"href":"https:\/\/www.europesays.com\/pt\/wp-json\/wp\/v2\/posts\/145881","targetHints":{"allow":["GET"]}}],"collection":[{"href":"https:\/\/www.europesays.com\/pt\/wp-json\/wp\/v2\/posts"}],"about":[{"href":"https:\/\/www.europesays.com\/pt\/wp-json\/wp\/v2\/types\/post"}],"author":[{"embeddable":true,"href":"https:\/\/www.europesays.com\/pt\/wp-json\/wp\/v2\/users\/2"}],"replies":[{"embeddable":true,"href":"https:\/\/www.europesays.com\/pt\/wp-json\/wp\/v2\/comments?post=145881"}],"version-history":[{"count":0,"href":"https:\/\/www.europesays.com\/pt\/wp-json\/wp\/v2\/posts\/145881\/revisions"}],"wp:featuredmedia":[{"embeddable":true,"href":"https:\/\/www.europesays.com\/pt\/wp-json\/wp\/v2\/media\/145882"}],"wp:attachment":[{"href":"https:\/\/www.europesays.com\/pt\/wp-json\/wp\/v2\/media?parent=145881"}],"wp:term":[{"taxonomy":"category","embeddable":true,"href":"https:\/\/www.europesays.com\/pt\/wp-json\/wp\/v2\/categories?post=145881"},{"taxonomy":"post_tag","embeddable":true,"href":"https:\/\/www.europesays.com\/pt\/wp-json\/wp\/v2\/tags?post=145881"}],"curies":[{"name":"wp","href":"https:\/\/api.w.org\/{rel}","templated":true}]}}