{"id":145898,"date":"2025-11-09T22:30:11","date_gmt":"2025-11-09T22:30:11","guid":{"rendered":"https:\/\/www.europesays.com\/pt\/145898\/"},"modified":"2025-11-09T22:30:11","modified_gmt":"2025-11-09T22:30:11","slug":"vaza-o-visual-de-steve-rogers-em-vingadores-doomsday","status":"publish","type":"post","link":"https:\/\/www.europesays.com\/pt\/145898\/","title":{"rendered":"Vaza o visual de Steve Rogers em Vingadores: Doomsday"},"content":{"rendered":"<p>O retorno de <a href=\"https:\/\/legadodamarvel.com.br\/tag\/chris-evans\" rel=\"nofollow noopener\" target=\"_blank\">Chris Evans<\/a> como Steve Rogers em <a href=\"https:\/\/legadodamarvel.com.br\/filme\/vingadores-doomsday\" rel=\"nofollow noopener\" target=\"_blank\">Vingadores: Doomsday<\/a> \u00e9 um dos rumores mais comentados h\u00e1 meses. E agora, finalmente podemos ter tido uma pr\u00e9via de como ser\u00e1 <strong>o visual do personagem no filme<\/strong>.<\/p>\n<p>Nos \u00faltimos dias, uma arte vem circulando nas redes sociais. \u00c9 importante ressaltar que esta n\u00e3o se trata de uma imagem oficial vazada do set, mas sim de uma arte criada com uma pr\u00e9via do que podemos esperar do visual de Chris Evans no longa. Confira:<\/p>\n<p><img loading=\"lazy\" decoding=\"async\" width=\"768\" height=\"1024\" viewbox=\"0 0 768 1024\" src=\"https:\/\/www.europesays.com\/pt\/wp-content\/uploads\/2025\/11\/Chris-Evans-Vingadores-Doomsday-legadodamarvel-768x1024.webp.webp\" alt=\"\" class=\"lazyload wp-image-165390\"  data-\/><\/p>\n<p>Ele apresenta cabelos longos e uma barba tamb\u00e9m longa, ainda maior do que aquela utilizada pelo personagem em <a href=\"https:\/\/legadodamarvel.com.br\/tag\/vingadores-guerra-infinita\" rel=\"nofollow noopener\" target=\"_blank\">Vingadores: Guerra Infinita<\/a>.<\/p>\n<p>Al\u00e9m do visual facial, o traje chama a aten\u00e7\u00e3o, pois ele possui um casaco por cima de um uniforme t\u00e1tico que lembra muito o personagem N\u00f4made, a identidade que o pr\u00f3prio Steve Rogers adotou nos quadrinhos quando estava desiludido com o governo.<\/p>\n<p>Esse visual robusto e desgastado sugere um Capit\u00e3o que est\u00e1 na estrada h\u00e1 muito tempo. Talvez operando nas sombras ou vindo de uma realidade completamente diferente. O que se encaixa perfeitamente na tem\u00e1tica multiversal do filme.<\/p>\n<p>V\u00e1rios Chris Evans em Vingadores: Doomsday?<\/p>\n<p>Essa pr\u00e9via visual se conecta diretamente com um rumor que <a href=\"https:\/\/legadodamarvel.com.br\/chris-evans-pode-ter-3-papeis-diferentes-em-vingadores-5\/\" rel=\"nofollow noopener\" target=\"_blank\">postamos aqui no site h\u00e1 alguns dias<\/a>, indicando que Chris Evans talvez interprete at\u00e9 tr\u00eas personagens diferentes em <strong>Vingadores: Doomsday<\/strong>.<\/p>\n<p>As tr\u00eas vers\u00f5es especuladas seriam o Steve Rogers original da Terra-616 (provavelmente o que ficou com a Peggy no passado), a vers\u00e3o sombria do Capit\u00e3o HYDRA e, claro, o N\u00f4made.<\/p>\n<p>Com base na descri\u00e7\u00e3o desse novo visual, \u00e9 quase certo que esta arte representa a vers\u00e3o N\u00f4made do her\u00f3i. Que deve ter um papel significativo no filme.<\/p>\n<p>Seria esse o N\u00f4made? Comente com a gente logo abaixo, e por fim, fique ligado no <strong>Legado da Marvel<\/strong> para n\u00e3o perder nenhuma novidade!<\/p>\n","protected":false},"excerpt":{"rendered":"O retorno de Chris Evans como Steve Rogers em Vingadores: Doomsday \u00e9 um dos rumores mais comentados h\u00e1&hellip;\n","protected":false},"author":2,"featured_media":145899,"comment_status":"","ping_status":"","sticky":false,"template":"","format":"standard","meta":{"footnotes":""},"categories":[140],"tags":[4417,114,115,147,148,146,32,33,14176],"class_list":{"0":"post-145898","1":"post","2":"type-post","3":"status-publish","4":"format-standard","5":"has-post-thumbnail","7":"category-filmes","8":"tag-chris-evans","9":"tag-entertainment","10":"tag-entretenimento","11":"tag-film","12":"tag-filmes","13":"tag-movies","14":"tag-portugal","15":"tag-pt","16":"tag-vingadores-doomsday"},"share_on_mastodon":{"url":"https:\/\/pubeurope.com\/@pt\/115522111146371395","error":""},"_links":{"self":[{"href":"https:\/\/www.europesays.com\/pt\/wp-json\/wp\/v2\/posts\/145898","targetHints":{"allow":["GET"]}}],"collection":[{"href":"https:\/\/www.europesays.com\/pt\/wp-json\/wp\/v2\/posts"}],"about":[{"href":"https:\/\/www.europesays.com\/pt\/wp-json\/wp\/v2\/types\/post"}],"author":[{"embeddable":true,"href":"https:\/\/www.europesays.com\/pt\/wp-json\/wp\/v2\/users\/2"}],"replies":[{"embeddable":true,"href":"https:\/\/www.europesays.com\/pt\/wp-json\/wp\/v2\/comments?post=145898"}],"version-history":[{"count":0,"href":"https:\/\/www.europesays.com\/pt\/wp-json\/wp\/v2\/posts\/145898\/revisions"}],"wp:featuredmedia":[{"embeddable":true,"href":"https:\/\/www.europesays.com\/pt\/wp-json\/wp\/v2\/media\/145899"}],"wp:attachment":[{"href":"https:\/\/www.europesays.com\/pt\/wp-json\/wp\/v2\/media?parent=145898"}],"wp:term":[{"taxonomy":"category","embeddable":true,"href":"https:\/\/www.europesays.com\/pt\/wp-json\/wp\/v2\/categories?post=145898"},{"taxonomy":"post_tag","embeddable":true,"href":"https:\/\/www.europesays.com\/pt\/wp-json\/wp\/v2\/tags?post=145898"}],"curies":[{"name":"wp","href":"https:\/\/api.w.org\/{rel}","templated":true}]}}