{"id":145903,"date":"2025-11-09T22:33:21","date_gmt":"2025-11-09T22:33:21","guid":{"rendered":"https:\/\/www.europesays.com\/pt\/145903\/"},"modified":"2025-11-09T22:33:21","modified_gmt":"2025-11-09T22:33:21","slug":"todas-querem-marcar-com-ela-esta-e-a-cabeleireira-de-famosas-caras-da-tvi-dois-as-10","status":"publish","type":"post","link":"https:\/\/www.europesays.com\/pt\/145903\/","title":{"rendered":"Todas querem marcar com ela: esta \u00e9 a cabeleireira de famosas caras da TVI &#8211; Dois \u00e0s 10"},"content":{"rendered":"<p>                        Ganhou reconhecimento nacional pelo seu trabalho e o seu nome tornou-se a sua marca, levando-o al\u00e9m fronteiras.<\/p>\n<p data-end=\"766\" data-start=\"401\">Aos 50 anos, Anabela Pereira \u00e9 hoje um nome respeitado no setor da beleza em Portugal. Empres\u00e1ria e cabeleireira, fundadora do sal\u00e3o <strong data-end=\"549\" data-start=\"535\">\u201cManubela\u201d<\/strong> e da linha de produtos <strong data-end=\"588\" data-start=\"573\">\u201cSelf Love\u201d<\/strong>, Anabela construiu uma carreira s\u00f3lida a partir de um ponto de partida modesto: a barbearia do pai, no bairro do <strong data-end=\"719\" data-start=\"702\">Casal do Rato<\/strong>, na Pontinha, onde ainda hoje vive e trabalha.<\/p>\n<p data-end=\"1758\" data-start=\"1415\">Ao longo do tempo, foi ganhando notoriedade, muito gra\u00e7as \u00e0 qualidade do seu trabalho e \u00e0 confian\u00e7a de v\u00e1rias figuras p\u00fablicas, que divulgaram os seus servi\u00e7os. Tudo come\u00e7ou com Fanny, a apresentadora e ex-concorrente do Secret Story 2, como Anabela contou \u00e0 <a href=\"https:\/\/www.nit.pt\/compras\/lojas-e-marcas\/manubela-abriu-salao\" rel=\"nofollow noopener\" target=\"_blank\">Nit<\/a>:\u00a0<strong>\u201cEm troca tinham de divulgar o espa\u00e7o. Eu n\u00e3o impus o n\u00famero de vezes que tinham de o fazer, nada disso. Apenas queria que dissessem \u2018o trabalho foi feito na Manubela Cabeleireiros [tamb\u00e9m na Pontinha]&#8217;\u201d, conta \u00e0 NiT.\u201cEm troca tinham de divulgar o espa\u00e7o. Eu n\u00e3o impus o n\u00famero de vezes que tinham de o fazer, nada disso. Apenas queria que dissessem \u2018o trabalho foi feito na Manubela Cabeleireiros [tamb\u00e9m na Pontinha]&#8217;\u201d.<\/strong><\/p>\n<p data-end=\"1758\" data-start=\"1415\">Recentemente, a cabelereira tem partilhado trabalhos com Carolina Loureiro, Joana Gon\u00e7alves, Joana Duarte, Marisa Cruz e algumas ex-concorrentes de realities da TVI, como J\u00e9ssica Vieira ou Ana Duarte, duas famosas do \u00abBig Brother Ver\u00e3o\u00bb.<\/p>\n<p data-end=\"1758\" data-start=\"1415\">Recorde a entrevista que a cabeleireira deu a Manuel Lu\u00eds Goucha:<\/p>\n","protected":false},"excerpt":{"rendered":"Ganhou reconhecimento nacional pelo seu trabalho e o seu nome tornou-se a sua marca, levando-o al\u00e9m fronteiras. Aos&hellip;\n","protected":false},"author":2,"featured_media":145904,"comment_status":"","ping_status":"","sticky":false,"template":"","format":"standard","meta":{"footnotes":""},"categories":[85],"tags":[31967,329,166,3412,3406,3409,801,3410,3411,3407,3408,114,115,3413,31966,338,32,33],"class_list":{"0":"post-145903","1":"post","2":"type-post","3":"status-publish","4":"format-standard","5":"has-post-thumbnail","7":"category-entretenimento","8":"tag-cabeleireira","9":"tag-claudio-ramos","10":"tag-cristina-ferreira","11":"tag-dois-10","12":"tag-dois-a-s-10-dois-a-s-10","13":"tag-dois-a-s-dez","14":"tag-dois-as-10","15":"tag-dois-as-dez","16":"tag-dois-dez","17":"tag-doisas10","18":"tag-doisasdez","19":"tag-entertainment","20":"tag-entretenimento","21":"tag-manha-tvi","22":"tag-manubela","23":"tag-maria-botelho-moniz","24":"tag-portugal","25":"tag-pt"},"share_on_mastodon":{"url":"https:\/\/pubeurope.com\/@pt\/115522122878067982","error":""},"_links":{"self":[{"href":"https:\/\/www.europesays.com\/pt\/wp-json\/wp\/v2\/posts\/145903","targetHints":{"allow":["GET"]}}],"collection":[{"href":"https:\/\/www.europesays.com\/pt\/wp-json\/wp\/v2\/posts"}],"about":[{"href":"https:\/\/www.europesays.com\/pt\/wp-json\/wp\/v2\/types\/post"}],"author":[{"embeddable":true,"href":"https:\/\/www.europesays.com\/pt\/wp-json\/wp\/v2\/users\/2"}],"replies":[{"embeddable":true,"href":"https:\/\/www.europesays.com\/pt\/wp-json\/wp\/v2\/comments?post=145903"}],"version-history":[{"count":0,"href":"https:\/\/www.europesays.com\/pt\/wp-json\/wp\/v2\/posts\/145903\/revisions"}],"wp:featuredmedia":[{"embeddable":true,"href":"https:\/\/www.europesays.com\/pt\/wp-json\/wp\/v2\/media\/145904"}],"wp:attachment":[{"href":"https:\/\/www.europesays.com\/pt\/wp-json\/wp\/v2\/media?parent=145903"}],"wp:term":[{"taxonomy":"category","embeddable":true,"href":"https:\/\/www.europesays.com\/pt\/wp-json\/wp\/v2\/categories?post=145903"},{"taxonomy":"post_tag","embeddable":true,"href":"https:\/\/www.europesays.com\/pt\/wp-json\/wp\/v2\/tags?post=145903"}],"curies":[{"name":"wp","href":"https:\/\/api.w.org\/{rel}","templated":true}]}}