{"id":145915,"date":"2025-11-09T22:54:07","date_gmt":"2025-11-09T22:54:07","guid":{"rendered":"https:\/\/www.europesays.com\/pt\/145915\/"},"modified":"2025-11-09T22:54:07","modified_gmt":"2025-11-09T22:54:07","slug":"estrela-de-x-men-revela-porque-nao-estara-em-vingadores-doomsday","status":"publish","type":"post","link":"https:\/\/www.europesays.com\/pt\/145915\/","title":{"rendered":"Estrela de X-Men revela porque n\u00e3o estar\u00e1 em Vingadores: Doomsday"},"content":{"rendered":"<p>O pr\u00f3ximo grande evento no calend\u00e1rio do MCU ser\u00e1 <strong>Vingadores: Doomsday<\/strong>, que promete trazer v\u00e1rios rostos conhecidos da <strong>Marvel<\/strong> para um grande embate clim\u00e1tico no ano que vem.\u00a0<\/p>\n<p>Com parte do elenco dos filmes originais de X-Men retornando para Doomsday, muitos se perguntaram por qual motivo <strong>Famke Janssen<\/strong>, int\u00e9rprete de Jean Grey nos filmes dos anos 2000, n\u00e3o aparecer\u00e1 no longa. Em entrevista para <a href=\"https:\/\/www.youtube.com\/watch?v=9FF6BXHAlto&amp;t=3147s\" rel=\"noopener nofollow\" target=\"_blank\">Kristian Harloff<\/a>, a pr\u00f3pria atriz falou sobre o assunto.<\/p>\n<p>Ela admitiu que, para in\u00edcio de conversa, n\u00e3o estava interessada na oportunidade. Em sua nova s\u00e9rie para a <strong>Netflix<\/strong>, Amsterdam Empire, Janssen tem um cargo de produtora executiva e tem poder de ditar como prefere que as coisas aconte\u00e7am. &#8220;Eu n\u00e3o seria chamada de volta para Doomsday, ou qualquer outra coisa, com esse tipo de possibilidade. N\u00e3o \u00e9 pra isso que eles me querem&#8221;, refletiu.<\/p>\n<p>            Continua depois da Publicidade<\/p>\n<p>Para a atriz, retornar para um papel sem destaque n\u00e3o faria sentido, &#8220;\u00c9 dif\u00edcil olhar para tr\u00e1s e me preocupar ou pensar sobre um papel onde eu s\u00f3 tinha algumas falas. N\u00e3o me parece interessante. Estou em um momento diferente da minha carreira e trabalhei muito para isso, por isso vou aproveitar. Foram 80 filmes no curr\u00edculo e paguei tudo o que precisava.&#8221;<\/p>\n<p>Janssen confessa que adoraria fazer parte de projetos em que pudesse atuar em diferentes \u00e1reas e expressar sua criatividade, &#8220;Agora, eu acabei de terminar um filme na Bulg\u00e1ria, chamado One Second After, em que eu desenhei minhas pr\u00f3prias roupas para ele. \u00c9 muito legal ter essas outras possibilidades, no que eu estou fazendo com a minha vida, porque eu amo criatividade. Sempre estou buscando criar.&#8221;<\/p>\n<p>Claramente, a atriz parece estar em paz com sua separa\u00e7\u00e3o do universo cinematogr\u00e1fico da Marvel.<\/p>\n<p>    Tudo sobre\u00a0Vingadores: Doomsday<\/p>\n<p data-gtm-vis-first-on-screen67967661_30=\"1813\" data-gtm-vis-has-fired67967661_30=\"1\" data-gtm-vis-total-visible-time67967661_30=\"100\">A Marvel j\u00e1 confirmou os principais nomes do elenco do novo filme, em uma das maiores reuni\u00f5es de astros do MCU j\u00e1 realizada. Dos filmes anteriores de\u00a0Vingadores,\u00a0retornam:\u00a0Chris Hemsworth\u00a0como Thor, Anthony Mackie como Capit\u00e3o Am\u00e9rica, Sebastian Stan como Soldado Invernal, Paul Rudd como Homem-Formiga, Winston Duke como M&#8217;Baku e Letitia Wright.<\/p>\n<p>De personagens apresentados p\u00f3s-Vingadores: Ultimato\u00a0&#8211; nas fases 4 e 5 do MCU &#8211;\u00a0temos\u00a0Simu Liu\u00a0como Shang-Chi,\u00a0Danny Ramirez\u00a0como Falc\u00e3o, todo o novo\u00a0Quarteto Fant\u00e1stico\u00a0(Pedro Pascal\u00a0como Sr. Fant\u00e1stico,\u00a0Vanessa Kirby\u00a0como Mulher Invis\u00edvel,\u00a0Joseph Quinn\u00a0como Tocha Humana e\u00a0Ebon Moss-Bachrach\u00a0como o Coisa) e quase todo o elenco de\u00a0Thunderbolts* (Florence Pugh\u00a0como Yelena,\u00a0Wyatt Russell\u00a0como Agente Americano,\u00a0David Harbour\u00a0como Guardi\u00e3o Vermelho,\u00a0Hanah John-Kamen\u00a0como Fantasma e\u00a0Lewis Pullman\u00a0como Bob, o Sentinela).<\/p>\n<p>            Continua depois da Publicidade<\/p>\n<p>Em uma live de an\u00fancio do elenco, houve tamb\u00e9m a grande surpresa do filme at\u00e9 aqui: o retorno dos X-Men cl\u00e1ssicos dos filmes da antiga Fox, incluindo Patrick Stewart\u00a0como Professor X,\u00a0Ian McKellen\u00a0como Magneto,\u00a0James Marsden\u00a0como Ciclope,\u00a0Alan Cumming\u00a0como Noturno,\u00a0Kelsey Grammer\u00a0como Fera,\u00a0Rebecca Romijn\u00a0como M\u00edstica e, apresentado em\u00a0Deadpool &amp; Wolverine,\u00a0Channing Tatum\u00a0como Gambit.<\/p>\n<p data-gtm-vis-first-on-screen67967661_30=\"55338\" data-gtm-vis-has-fired67967661_30=\"1\" data-gtm-vis-recent-on-screen67967661_30=\"55338\" data-gtm-vis-total-visible-time67967661_30=\"100\">O vil\u00e3o da hist\u00f3ria, enquanto isso, ser\u00e1 o Doutor Destino de Robert Downey Jr.\u00a0Vingadores: Doomsday\u00a0contar\u00e1 com dire\u00e7\u00e3o dos irm\u00e3os Anthony e Joe Russo (Ultimato), e roteiro de Michael Waldron (Loki) e\u00a0Stephen McFreely (Ultimato).<\/p>\n<p data-gtm-vis-first-on-screen67967661_30=\"55338\" data-gtm-vis-has-fired67967661_30=\"1\" data-gtm-vis-total-visible-time67967661_30=\"100\">A estreia de\u00a0Vingadores: Doomsday ficou para 18 de dezembro de 2026 no Brasil, preparando o terreno para Vingadores: Guerras Secretas\u00a0em 2027.<\/p>\n<p>            Continua depois da Publicidade<\/p>\n","protected":false},"excerpt":{"rendered":"O pr\u00f3ximo grande evento no calend\u00e1rio do MCU ser\u00e1 Vingadores: Doomsday, que promete trazer v\u00e1rios rostos conhecidos da&hellip;\n","protected":false},"author":2,"featured_media":145916,"comment_status":"","ping_status":"","sticky":false,"template":"","format":"standard","meta":{"footnotes":""},"categories":[140],"tags":[114,115,147,148,146,32,33],"class_list":{"0":"post-145915","1":"post","2":"type-post","3":"status-publish","4":"format-standard","5":"has-post-thumbnail","7":"category-filmes","8":"tag-entertainment","9":"tag-entretenimento","10":"tag-film","11":"tag-filmes","12":"tag-movies","13":"tag-portugal","14":"tag-pt"},"share_on_mastodon":{"url":"https:\/\/pubeurope.com\/@pt\/115522205491912140","error":""},"_links":{"self":[{"href":"https:\/\/www.europesays.com\/pt\/wp-json\/wp\/v2\/posts\/145915","targetHints":{"allow":["GET"]}}],"collection":[{"href":"https:\/\/www.europesays.com\/pt\/wp-json\/wp\/v2\/posts"}],"about":[{"href":"https:\/\/www.europesays.com\/pt\/wp-json\/wp\/v2\/types\/post"}],"author":[{"embeddable":true,"href":"https:\/\/www.europesays.com\/pt\/wp-json\/wp\/v2\/users\/2"}],"replies":[{"embeddable":true,"href":"https:\/\/www.europesays.com\/pt\/wp-json\/wp\/v2\/comments?post=145915"}],"version-history":[{"count":0,"href":"https:\/\/www.europesays.com\/pt\/wp-json\/wp\/v2\/posts\/145915\/revisions"}],"wp:featuredmedia":[{"embeddable":true,"href":"https:\/\/www.europesays.com\/pt\/wp-json\/wp\/v2\/media\/145916"}],"wp:attachment":[{"href":"https:\/\/www.europesays.com\/pt\/wp-json\/wp\/v2\/media?parent=145915"}],"wp:term":[{"taxonomy":"category","embeddable":true,"href":"https:\/\/www.europesays.com\/pt\/wp-json\/wp\/v2\/categories?post=145915"},{"taxonomy":"post_tag","embeddable":true,"href":"https:\/\/www.europesays.com\/pt\/wp-json\/wp\/v2\/tags?post=145915"}],"curies":[{"name":"wp","href":"https:\/\/api.w.org\/{rel}","templated":true}]}}