{"id":145921,"date":"2025-11-09T22:57:13","date_gmt":"2025-11-09T22:57:13","guid":{"rendered":"https:\/\/www.europesays.com\/pt\/145921\/"},"modified":"2025-11-09T22:57:13","modified_gmt":"2025-11-09T22:57:13","slug":"noori-pertences-da-jovem-desaparecida-aparecem-caso-toma-nova-direcao-foram-encontrados","status":"publish","type":"post","link":"https:\/\/www.europesays.com\/pt\/145921\/","title":{"rendered":"Noori &#8211; Pertences da jovem desaparecida aparecem! Caso toma nova dire\u00e7\u00e3o: \u201cForam encontrados&#8230;\u201d"},"content":{"rendered":"<p><strong>Carolina Torres<\/strong> <a href=\"https:\/\/www.novagente.pt\/noori-ultimas-horas-de-carolina-torres-antes-de-desaparecer-mas-ela-nunca-chegou\" rel=\"nofollow noopener\" target=\"_blank\">foi vista pela \u00faltima vez<\/a> <strong>h\u00e1 um m\u00eas<\/strong> na Pra\u00e7a S\u00e3o Jo\u00e3o Batista, em <strong>Almada<\/strong>. Desde o dia 9 de outubro que <strong>n\u00e3o estabeleceu qualquer contacto<\/strong>, <strong>n\u00e3o utilizou o passe de transportes p\u00fablicos<\/strong>, <strong>n\u00e3o fez movimenta\u00e7\u00f5es banc\u00e1rias,<\/strong> <strong>nem acedeu \u00e0s redes sociais.<\/strong><\/p>\n<p>Recentemente, foram encontrados alguns pertences de Noori que colocam em cima da mesa uma nova teoria do seu desaparecimento.<\/p>\n<blockquote>\n<p><strong>Leia tamb\u00e9m: Noori &#8211; <\/strong><a href=\"https:\/\/www.novagente.pt\/noori-mensagem-arrepiante-que-jovem-desaparecida-mandou-mae-vem-me-ajudar-porque\" rel=\"nofollow noopener\" target=\"_blank\">A mensagem arrepiante que a jovem desaparecida mandou \u00e0 m\u00e3e: &#8220;Vem-me ajudar, porque&#8230;&#8221;<\/a><\/p>\n<\/blockquote>\n<p><strong>\u201cApareceu o cart\u00e3o de telem\u00f3vel na zona do Pragal, em Almada, e apareceu o cart\u00e3o de multibanco dela, primeiramente \u00e0 porta de uma escola, depois foi encontrado nos perdidos e achados, e o cart\u00e3o Revolut passado outros dias na mesma escola\u201d<\/strong>, revelou <strong>Cristiana Gaspar<\/strong>, m\u00e3e de Carolina, numa entrevista a<strong> J\u00falia Pinheiro<\/strong>.<\/p>\n<p>At\u00e9 ao momento, o cart\u00e3o de cidad\u00e3o, o passe e o telem\u00f3vel ainda n\u00e3o foram encontrados.<\/p>\n<p><strong>\u201cO telem\u00f3vel continua desligado. Ali\u00e1s, a \u00faltima antena que o telem\u00f3vel foi ligado foi em Almada no dia 9 para 10\u201d<\/strong>, referiu tamb\u00e9m.<\/p>\n<p>Estes novos desenvolvimentos do caso de <strong>Noori<\/strong> d\u00e3o for\u00e7a \u00e0 teoria de que \u00e9 <strong>um desaparecimento involunt\u00e1rio e de alto risco<\/strong>.<\/p>\n<p>\u201cDesde o in\u00edcio que acho que n\u00e3o \u00e9 uma coisa volunt\u00e1ria. <strong>Eu acho que ela est\u00e1 retida por algu\u00e9m. Ou que algo aconteceu no meio disto tudo e que ela n\u00e3o consegue contactar ningu\u00e9m\u201d<\/strong>, confessou por fim a m\u00e3e.<\/p>\n<p>\u00a0<\/p>\n<p>Texto: Carolina Charrua; Fotos: Redes sociais<\/p>\n<p class=\"intagram-text\">Siga a Nova Gente no Instagram<\/p>\n<p>                        <a href=\"https:\/\/www.instagram.com\/revistanovagente\/\" target=\"_blank\" aria-label=\"instagram\" rel=\"noopener nofollow\"><img decoding=\"async\" style=\"display: block; margin-left: auto; margin-right: auto; width: 250px; height: 83px;\" src=\"https:\/\/www.europesays.com\/pt\/wp-content\/uploads\/2025\/11\/Instagram_NG.png\" alt=\"instagram\"\/><\/a><br \/>\n                    <script async src=\"\/\/www.instagram.com\/embed.js\"><\/script><\/p>\n","protected":false},"excerpt":{"rendered":"Carolina Torres foi vista pela \u00faltima vez h\u00e1 um m\u00eas na Pra\u00e7a S\u00e3o Jo\u00e3o Batista, em Almada. Desde&hellip;\n","protected":false},"author":2,"featured_media":145922,"comment_status":"","ping_status":"","sticky":false,"template":"","format":"standard","meta":{"footnotes":""},"categories":[85],"tags":[31905,31906,21158,114,115,8204,31904,8604,32,33,1751],"class_list":{"0":"post-145921","1":"post","2":"type-post","3":"status-publish","4":"format-standard","5":"has-post-thumbnail","7":"category-entretenimento","8":"tag-carolina-torres","9":"tag-cristiana-gaspar","10":"tag-desaparecimento","11":"tag-entertainment","12":"tag-entretenimento","13":"tag-mae","14":"tag-noori","15":"tag-pertences","16":"tag-portugal","17":"tag-pt","18":"tag-sic"},"share_on_mastodon":{"url":"https:\/\/pubeurope.com\/@pt\/115522217415321759","error":""},"_links":{"self":[{"href":"https:\/\/www.europesays.com\/pt\/wp-json\/wp\/v2\/posts\/145921","targetHints":{"allow":["GET"]}}],"collection":[{"href":"https:\/\/www.europesays.com\/pt\/wp-json\/wp\/v2\/posts"}],"about":[{"href":"https:\/\/www.europesays.com\/pt\/wp-json\/wp\/v2\/types\/post"}],"author":[{"embeddable":true,"href":"https:\/\/www.europesays.com\/pt\/wp-json\/wp\/v2\/users\/2"}],"replies":[{"embeddable":true,"href":"https:\/\/www.europesays.com\/pt\/wp-json\/wp\/v2\/comments?post=145921"}],"version-history":[{"count":0,"href":"https:\/\/www.europesays.com\/pt\/wp-json\/wp\/v2\/posts\/145921\/revisions"}],"wp:featuredmedia":[{"embeddable":true,"href":"https:\/\/www.europesays.com\/pt\/wp-json\/wp\/v2\/media\/145922"}],"wp:attachment":[{"href":"https:\/\/www.europesays.com\/pt\/wp-json\/wp\/v2\/media?parent=145921"}],"wp:term":[{"taxonomy":"category","embeddable":true,"href":"https:\/\/www.europesays.com\/pt\/wp-json\/wp\/v2\/categories?post=145921"},{"taxonomy":"post_tag","embeddable":true,"href":"https:\/\/www.europesays.com\/pt\/wp-json\/wp\/v2\/tags?post=145921"}],"curies":[{"name":"wp","href":"https:\/\/api.w.org\/{rel}","templated":true}]}}