{"id":145925,"date":"2025-11-09T23:00:17","date_gmt":"2025-11-09T23:00:17","guid":{"rendered":"https:\/\/www.europesays.com\/pt\/145925\/"},"modified":"2025-11-09T23:00:17","modified_gmt":"2025-11-09T23:00:17","slug":"um-poema-medieval-enganou-os-historiadores-sobre-a-peste-negra-durante-700-anos","status":"publish","type":"post","link":"https:\/\/www.europesays.com\/pt\/145925\/","title":{"rendered":"Um poema medieval enganou os historiadores sobre a Peste Negra durante 700 anos"},"content":{"rendered":"<p class=\"wp-caption-text top\">Pieter Brughel des \u00c4lteren \/ Wikimedia<\/p>\n<p><img decoding=\"async\" loading=\"lazy\" class=\"wp-image-15749 size-kopa-image-size-3\" src=\"https:\/\/www.europesays.com\/pt\/wp-content\/uploads\/2025\/11\/911af7aa209e00b49f3d6fd2afa925643-783x450.jpg\" alt=\"\" width=\"700\" height=\"402\"  \/><\/p>\n<p><strong>N\u00e3o era bem assim, mas nem por isso este \u201cmaq\u0101ma\u201d \u00e1rabe \u00e9 menos criativo. Os nossos antepassados agiram de forma semelhante \u00e0 que reagimos \u00e0 Covid-19.<\/strong><\/p>\n<p>Uma nova investiga\u00e7\u00e3o chegou a uma conclus\u00e3o inusitada: durante s\u00e9culos, as representa\u00e7\u00f5es da peste a espalhar-se rapidamente pela Rota da Seda basearam-se numa <strong>interpreta\u00e7\u00e3o errada de um conto po\u00e9tico \u00e1rabe<\/strong>, e n\u00e3o em registos factuais.<\/p>\n<p>Trata-se de um \u201c<strong>maq\u0101ma<\/strong>\u201d (uma forma de narrativa \u00e1rabe que apresenta por norma como personagem principal um trapaceiro errante), foi escrita pelo poeta e historiador Ibn al-Wardi em 1348\/9, em Alepo.<\/p>\n<p>No conto, ao longo de 15 anos, um homem <strong>dizima uma regi\u00e3o ap\u00f3s outra,<\/strong> come\u00e7ando por regi\u00f5es desconhecidas fora da China, passando pela China, \u00cdndia, \u00c1sia Central, P\u00e9rsia e, finalmente, chegando ao Mar Negro e ao Mediterr\u00e2neo para causar estragos no Egito e no Levante.<\/p>\n<p>Mas a ideia de que uma linhagem desta bact\u00e9ria se deslocou mais de <strong>4.800 quil\u00f3metros por terra<\/strong> <strong>em poucos anos<\/strong> e se estabeleceu o suficiente para causar a devastadora Peste Negra no M\u00e9dio Oriente e na Europa entre 1347 e 1350 \u00e9 seriamente <strong>posta em causa<\/strong> neste novo <a href=\"https:\/\/journals.uio.no\/JAIS\/article\/view\/12790\" data-wpel-link=\"external\" target=\"_blank\" rel=\"nofollow external noopener noreferrer\" class=\"ext-link\">estudo<\/a> publicado na Journal of Arabic and Islamic Studies.<\/p>\n<p>\u201cTodos os caminhos que levam \u00e0 descri\u00e7\u00e3o factualmente incorreta da propaga\u00e7\u00e3o da peste convergem para este texto. \u00c9 como se ele estivesse no centro de uma teia de aranha repleta de mitos sobre como a Peste Negra se espalhou pela regi\u00e3o\u201d, disse o investigadro Nahyan Fancy \u00e0 <a href=\"https:\/\/www.earth.com\/news\/how-a-silver-crystal-can-turn-clouds-into-rain\/\" data-wpel-link=\"external\" target=\"_blank\" rel=\"nofollow external noopener noreferrer\" class=\"ext-link\">Earth<\/a>.<\/p>\n<p>\u201cToda a dissemina\u00e7\u00e3o da peste pela \u00c1sia e a sua chegada ao Egito antes da S\u00edria sempre se basearam, e continuam a basear-se, na singular Ris\u0101la de Ibn al-Ward\u012b, que n\u00e3o encontra respaldo noutras cr\u00f3nicas contempor\u00e2neas nem mesmo nos maq\u0101mas. O texto foi escrito apenas para real\u00e7ar o facto de que a peste se espalhou e enganou as pessoas. N\u00e3o deve ser interpretado literalmente\u201d, afirma.<\/p>\n<p>\u201cEstes escritos podem ajudar-nos a <strong>compreender como a criatividade pode ter sido uma forma de exercer algum controlo <\/strong>neste momento de mortes em massa, semelhante \u00e0 forma como as pessoas desenvolveram novas capacidades culin\u00e1rias ou art\u00edsticas durante a pandemia de Covid-19\u2033, explica ainda.<\/p>\n<p>\u201cOs maq\u0101mas podem n\u00e3o nos fornecer informa\u00e7\u00f5es precisas sobre a forma como a Peste Negra se espalhou, mas os textos s\u00e3o fenomenais porque nos ajudam a compreender como as pessoas da \u00e9poca viviam com esta terr\u00edvel crise\u201d.<\/p>\n<p>    <a href=\"https:\/\/zap.aeiou.pt\/subscrever-newsletter\" data-wpel-link=\"internal\" rel=\"nofollow noopener\" target=\"_blank\">&#13;<br \/>\n        <img loading=\"lazy\" decoding=\"async\" class=\"aligncenter size-full wp-image-575475\" src=\"https:\/\/www.europesays.com\/pt\/wp-content\/uploads\/2025\/11\/2d51fe4a0ba54894421ead1809309ed9-1-450x140.jpg\" alt=\"Subscreva a Newsletter ZAP\" width=\"450\" height=\"140\"\/>&#13;<br \/>\n    <\/a><\/p>\n<p>                <a href=\"https:\/\/whatsapp.com\/channel\/0029VaIC4EE2f3EJZPPSbR34\" data-wpel-link=\"external\" target=\"_blank\" rel=\"nofollow external noopener noreferrer\" class=\"ext-link\">&#13;<br \/>\n                    <img loading=\"lazy\" decoding=\"async\" class=\"aligncenter size-full wp-image-575475\" src=\"https:\/\/www.europesays.com\/pt\/wp-content\/uploads\/2025\/11\/c68c559d956d4ca20f435ed74a6e71e6.png\" alt=\"Siga-nos no WhatsApp\" width=\"175\" height=\"64\"\/>&#13;<br \/>\n                <\/a><\/p>\n<p>                <a href=\"https:\/\/news.google.com\/publications\/CAAiEHRwZondIV71PDjWNoqMduEqFAgKIhB0cGaJ3SFe9Tw41jaKjHbh?hl=en-US&amp;gl=US&amp;ceid=US%3Aen\" data-wpel-link=\"external\" target=\"_blank\" rel=\"nofollow external noopener noreferrer\" class=\"ext-link\">&#13;<br \/>\n                    <img loading=\"lazy\" decoding=\"async\" class=\"aligncenter size-full wp-image-575475\" src=\"https:\/\/www.europesays.com\/pt\/wp-content\/uploads\/2025\/11\/5123dd8b087b644fdb8f8603acd1bad4.png\" alt=\"Siga-nos no Google News\" width=\"176\" height=\"64\"\/>&#13;<br \/>\n                <\/a><\/p>\n","protected":false},"excerpt":{"rendered":"Pieter Brughel des \u00c4lteren \/ Wikimedia N\u00e3o era bem assim, mas nem por isso este \u201cmaq\u0101ma\u201d \u00e1rabe \u00e9&hellip;\n","protected":false},"author":2,"featured_media":145926,"comment_status":"","ping_status":"","sticky":false,"template":"","format":"standard","meta":{"footnotes":""},"categories":[50],"tags":[27,28,15,16,14,736,25,26,864,21,22,62,12,13,19,20,12544,23,24,17,18,29,30,31,63,64,65],"class_list":{"0":"post-145925","1":"post","2":"type-post","3":"status-publish","4":"format-standard","5":"has-post-thumbnail","7":"category-mundo","8":"tag-breaking-news","9":"tag-breakingnews","10":"tag-featured-news","11":"tag-featurednews","12":"tag-headlines","13":"tag-historia","14":"tag-latest-news","15":"tag-latestnews","16":"tag-literatura","17":"tag-main-news","18":"tag-mainnews","19":"tag-mundo","20":"tag-news","21":"tag-noticias","22":"tag-noticias-principais","23":"tag-noticiasprincipais","24":"tag-peste-negra","25":"tag-principais-noticias","26":"tag-principaisnoticias","27":"tag-top-stories","28":"tag-topstories","29":"tag-ultimas","30":"tag-ultimas-noticias","31":"tag-ultimasnoticias","32":"tag-world","33":"tag-world-news","34":"tag-worldnews"},"share_on_mastodon":{"url":"https:\/\/pubeurope.com\/@pt\/115522229108603693","error":""},"_links":{"self":[{"href":"https:\/\/www.europesays.com\/pt\/wp-json\/wp\/v2\/posts\/145925","targetHints":{"allow":["GET"]}}],"collection":[{"href":"https:\/\/www.europesays.com\/pt\/wp-json\/wp\/v2\/posts"}],"about":[{"href":"https:\/\/www.europesays.com\/pt\/wp-json\/wp\/v2\/types\/post"}],"author":[{"embeddable":true,"href":"https:\/\/www.europesays.com\/pt\/wp-json\/wp\/v2\/users\/2"}],"replies":[{"embeddable":true,"href":"https:\/\/www.europesays.com\/pt\/wp-json\/wp\/v2\/comments?post=145925"}],"version-history":[{"count":0,"href":"https:\/\/www.europesays.com\/pt\/wp-json\/wp\/v2\/posts\/145925\/revisions"}],"wp:featuredmedia":[{"embeddable":true,"href":"https:\/\/www.europesays.com\/pt\/wp-json\/wp\/v2\/media\/145926"}],"wp:attachment":[{"href":"https:\/\/www.europesays.com\/pt\/wp-json\/wp\/v2\/media?parent=145925"}],"wp:term":[{"taxonomy":"category","embeddable":true,"href":"https:\/\/www.europesays.com\/pt\/wp-json\/wp\/v2\/categories?post=145925"},{"taxonomy":"post_tag","embeddable":true,"href":"https:\/\/www.europesays.com\/pt\/wp-json\/wp\/v2\/tags?post=145925"}],"curies":[{"name":"wp","href":"https:\/\/api.w.org\/{rel}","templated":true}]}}