{"id":145927,"date":"2025-11-09T23:03:11","date_gmt":"2025-11-09T23:03:11","guid":{"rendered":"https:\/\/www.europesays.com\/pt\/145927\/"},"modified":"2025-11-09T23:03:11","modified_gmt":"2025-11-09T23:03:11","slug":"schynaider-moura-ex-do-filho-de-faustao-curte-grande-premio-de-f1-com-atual-namorado","status":"publish","type":"post","link":"https:\/\/www.europesays.com\/pt\/145927\/","title":{"rendered":"Schynaider Moura, ex do filho de Faust\u00e3o, curte Grande Pr\u00eamio de F1 com atual namorado"},"content":{"rendered":"<p>A ex-nora de <strong>Faust\u00e3o<\/strong>, a modelo <a href=\"https:\/\/caras.com.br\/tags\/schynaider-moura\" rel=\"nofollow noopener\" target=\"_blank\"><strong>Schynaider Moura<\/strong><\/a>, marcou presen\u00e7a no Grande Pr\u00eamio de F1 neste domingo, 09, em S\u00e3o Paulo, com seu namorado o empres\u00e1rio bilion\u00e1rio <a href=\"https:\/\/caras.com.br\/atualidades\/saiba-quem-e-o-novo-namorado-bilionario-da-ex-nora-de-faustao.phtml\" rel=\"nofollow noopener\" target=\"_blank\"><strong>Bruno Garfinkel<\/strong><\/a>, com quem est\u00e1 h\u00e1 mais de um ano comprometida.<\/p>\n<p>Usando um look vinho e preto, composto por saia, camisa, terno e botas, a loira surgiu sorridente segurando o bra\u00e7o do eleito, que \u00e9 presidente da Porto Seguro desde 1978. Os dois est\u00e3o juntos desde o ano passado, tr\u00eas meses depois do <a href=\"https:\/\/caras.com.br\/atualidades\/acabou-chega-ao-fim-o-namoro-do-filho-de-faustao-com-modelo.phtml\" rel=\"nofollow noopener\" target=\"_blank\">fim do namoro dela com o apresentador <strong>Jo\u00e3o Silva<\/strong><\/a>.<\/p>\n<p>\u00c9 bom lembrar que <a href=\"https:\/\/caras.com.br\/sem-categoria\/schynaider-moura-faz-desabafo-uma-semana-apos-a-morte-da-filha-incomparavel.phtml\" rel=\"nofollow noopener\" target=\"_blank\">Schynaider Moura perdeu a filha, <strong>Anne-Marie Garnero<\/strong><\/a>, de 16 anos, recentemente. A jovem morreu ap\u00f3s sofrer uma parada card\u00edaca. A menina lutava contra uma cardiomiopatia e passou por uma transplante de cora\u00e7\u00e3o em 2022.<\/p>\n<p> Quem \u00e9 o namorado de Schynaider Moura? <\/p>\n<p>Para quem n\u00e3o sabe, Bruno \u00e9 Herdeiro da empresa de seu pai, ele tem tr\u00eas filhos, <strong>Bruno<\/strong>, <strong>Ana<\/strong> e <strong>Cleusa<\/strong>, que, segundo informa\u00e7\u00f5es da Forbes, t\u00eam cada um deles uma fatia igual do neg\u00f3cio e em 2020 a fortuna equivalia a R$ 1,25 bilh\u00e3o.<\/p>\n<p>Al\u00e9m do curr\u00edculo como presidente do Conselho de Administra\u00e7\u00e3o da empresa, com forma\u00e7\u00e3o em Administra\u00e7\u00e3o de Empresas, o empres\u00e1rio bilion\u00e1rio tem seu curr\u00edculo pessoal repleto de relacionamento com famosas.<\/p>\n<p><strong>Ticiane Pinheiro<\/strong>, <strong>Carol Magalh\u00e3es<\/strong>, <strong>Pietra Bertolazi<\/strong> s\u00e3o alguns nomes conhecidos com quem ele j\u00e1 viveu algum tipo de rela\u00e7\u00e3o. <strong>Luciana Gimenez<\/strong>, que o ex-marido <a href=\"https:\/\/caras.com.br\/tv\/marcelo-de-carvalho-ex-de-luciana-gimenez-termina-relacionamento-com-arquiteta.phtml\" target=\"_blank\" rel=\"noopener nofollow\"><strong>Marcelo de Carvalho<\/strong> j\u00e1 namorou por um ano e meio a ex-esposa de Bruno, <strong>Simone Abdelnur<\/strong><\/a>, tamb\u00e9m j\u00e1 foi alvo de rumores de ter tido um affair ele. Por\u00e9m, eles negaram. Bruno e Simone t\u00eam dois filhos.<\/p>\n<p> <img loading=\"lazy\" decoding=\"async\" class=\"size-full wp-image-1028767 img-fluid lazy\" alt=\"Schynaider Moura com Bruno Garfinkel \" width=\"1365\" height=\"2048\" src=\"https:\/\/www.europesays.com\/pt\/wp-content\/uploads\/2025\/11\/schynaider-moura-namorado-bruno-1.jpg\"  \/>Schynaider Moura com Bruno Garfinkel \u2013 Foto: Brazil News <img loading=\"lazy\" decoding=\"async\" class=\"size-full wp-image-1028768 img-fluid lazy\" alt=\"Schynaider Moura com Bruno Garfinkel - Foto: Brazil News\" width=\"1365\" height=\"2048\" src=\"https:\/\/www.europesays.com\/pt\/wp-content\/uploads\/2025\/11\/schynaider-moura-namorado-bruno-2.jpg\"  \/>Schynaider Moura com Bruno Garfinkel \u2013 Foto: Brazil News Schynaider Moura falou sobre o transplante de cora\u00e7\u00e3o da filha <\/p>\n<p>\u201cHoje completamos 3 anos do transplante card\u00edaco da Anne. E sendo sincera, estou aqui debatendo comigo mesma se deveria ou n\u00e3o compartilhar esse v\u00eddeo com voc\u00eas, que gravamos a 2 anos atr\u00e1s atr\u00e1s\u2026 e depois de relembrar tudo\u2026estou aqui emocionada. Lembro que, na \u00e9poca, eu sentia vontade de expor sim \u2014 n\u00e3o por exposi\u00e7\u00e3o em si, mas para aumentar a consci\u00eancia sobre a import\u00e2ncia da doa\u00e7\u00e3o de \u00f3rg\u00e3os. Porque essa atitude salva vidas. Hoje decidi postar por dois motivos: 1. Porque eu vivo um milagre todos os dias da minha vida. Ver minha filha viva, superando suas pr\u00f3prias limita\u00e7\u00f5es com leveza e coragem, me ensina diariamente que os pequenos detalhes s\u00e3o os mais preciosos, hoje faz 3 anos do transplante 22\/06\/2022. 2. Porque doar \u00f3rg\u00e3os salva vidas. E quero dividir isso com voc\u00eas porque ela \u00e9 a prova viva de que a decis\u00e3o generosa de uma fam\u00edlia pode mudar completamente a hist\u00f3ria de outra. A espera na fila por um transplante \u00e9 angustiante , dias e dias de ansiedade sem fim. E hoje, s\u00f3 posso agradecer a Deus por tudo o que vivemos\u2026 e pelas b\u00ean\u00e7\u00e3os que continuamos a viver\u201c, disse ela.<\/p>\n<p>E completou: \u201cMinha forma de enxergar o mundo mudou profundamente depois dessa experi\u00eancia. Nada \u00e9 mais importante do que a sa\u00fade. Nada \u00e9 mais importante do que nossos filhos, e nossa fam\u00edlia. Anne, n\u00e3o tenho palavras para expressar o quanto sou a m\u00e3e mais feliz do mundo por ter vivido, com voc\u00ea, as experi\u00eancias mais profundas e intensas da minha vida. Obrigada por tanto. Obrigada por me ensinar todos os dias, por me manter com os p\u00e9s no ch\u00e3o, por ser essa menina guerreira, iluminada, cheia de vida. Voc\u00ea \u00e9 o meu mundo. E o mundo \u00e9 seu, filha\u2026 ent\u00e3o vai e vive! Obrigada, do fundo do cora\u00e7\u00e3o, \u00e0 fam\u00edlia da doadora \u2014 que mesmo sem sabermos quem s\u00e3o, tomaram a decis\u00e3o mais generosa e transformadora da vida deles. Obrigada tamb\u00e9m a toda a equipe m\u00e9dica que dedica a vida \u00e0 vida dos outros. E obrigada, meu Deus, pelo milagre da vida\u201c.<\/p>\n<blockquote class=\"instagram-media\" style=\"background: #FFF; border: 0; border-radius: 3px; box-shadow: 0 0 1px 0 rgba(0,0,0,0.5),0 1px 10px 0 rgba(0,0,0,0.15); margin: 1px; max-width: 540px; min-width: 326px; padding: 0; width: calc(100% - 2px);\" data-instgrm-captioned=\"\" data-instgrm-permalink=\"https:\/\/www.instagram.com\/p\/DO7EuQSEWcQ\/?utm_source=ig_embed&amp;utm_campaign=loading\" data-instgrm-version=\"14\"><\/blockquote>\n<p>        <a href=\"https:\/\/caras.com.br\/autor\/nataly-paschoal\" rel=\"nofollow noopener\" target=\"_blank\">&#13;<br \/>\n          <img loading=\"lazy\" decoding=\"async\" alt=\"Nataly Paschoal\" src=\"https:\/\/www.europesays.com\/pt\/wp-content\/uploads\/2025\/09\/nataly-paschoal_sqmd.jpg\" class=\"avatar avatar-115 photo rounded-circle\" height=\"115\" width=\"115\"\/>        <\/a><\/p>\n<p><b>Nataly Paschoal <\/b>\u00e9 rep\u00f3rter de conte\u00fado do site CARAS. Formada em jornalismo pela Faculdade C\u00e1sper L\u00edbero, ela j\u00e1 passou por sites como Todateen, Sportlife e espnW. Escreve sobre celebridades, TV, reality show e novelas.<\/p>\n<p>\t                                            <script async src=\"\/\/www.instagram.com\/embed.js\"><\/script><\/p>\n","protected":false},"excerpt":{"rendered":"A ex-nora de Faust\u00e3o, a modelo Schynaider Moura, marcou presen\u00e7a no Grande Pr\u00eamio de F1 neste domingo, 09,&hellip;\n","protected":false},"author":2,"featured_media":145928,"comment_status":"","ping_status":"","sticky":false,"template":"","format":"standard","meta":{"footnotes":""},"categories":[145],"tags":[31968,211,210,114,115,31969,31970,32,33,21166],"class_list":{"0":"post-145927","1":"post","2":"type-post","3":"status-publish","4":"format-standard","5":"has-post-thumbnail","7":"category-celebridades","8":"tag-bruno-garfinkel","9":"tag-celebridades","10":"tag-celebrities","11":"tag-entertainment","12":"tag-entretenimento","13":"tag-grande-premio-de-f1","14":"tag-namorado-schynaider-moura","15":"tag-portugal","16":"tag-pt","17":"tag-schynaider-moura"},"share_on_mastodon":{"url":"https:\/\/pubeurope.com\/@pt\/115522240980007640","error":""},"_links":{"self":[{"href":"https:\/\/www.europesays.com\/pt\/wp-json\/wp\/v2\/posts\/145927","targetHints":{"allow":["GET"]}}],"collection":[{"href":"https:\/\/www.europesays.com\/pt\/wp-json\/wp\/v2\/posts"}],"about":[{"href":"https:\/\/www.europesays.com\/pt\/wp-json\/wp\/v2\/types\/post"}],"author":[{"embeddable":true,"href":"https:\/\/www.europesays.com\/pt\/wp-json\/wp\/v2\/users\/2"}],"replies":[{"embeddable":true,"href":"https:\/\/www.europesays.com\/pt\/wp-json\/wp\/v2\/comments?post=145927"}],"version-history":[{"count":0,"href":"https:\/\/www.europesays.com\/pt\/wp-json\/wp\/v2\/posts\/145927\/revisions"}],"wp:featuredmedia":[{"embeddable":true,"href":"https:\/\/www.europesays.com\/pt\/wp-json\/wp\/v2\/media\/145928"}],"wp:attachment":[{"href":"https:\/\/www.europesays.com\/pt\/wp-json\/wp\/v2\/media?parent=145927"}],"wp:term":[{"taxonomy":"category","embeddable":true,"href":"https:\/\/www.europesays.com\/pt\/wp-json\/wp\/v2\/categories?post=145927"},{"taxonomy":"post_tag","embeddable":true,"href":"https:\/\/www.europesays.com\/pt\/wp-json\/wp\/v2\/tags?post=145927"}],"curies":[{"name":"wp","href":"https:\/\/api.w.org\/{rel}","templated":true}]}}