{"id":145929,"date":"2025-11-09T23:06:15","date_gmt":"2025-11-09T23:06:15","guid":{"rendered":"https:\/\/www.europesays.com\/pt\/145929\/"},"modified":"2025-11-09T23:06:15","modified_gmt":"2025-11-09T23:06:15","slug":"a-cabeca-da-serpente-record","status":"publish","type":"post","link":"https:\/\/www.europesays.com\/pt\/145929\/","title":{"rendered":"\u2018A cabe\u00e7a da serpente\u2019 \u2013 Record"},"content":{"rendered":"<p><img decoding=\"async\" data-chromatic=\"ignore\" alt=\"\" class=\"c-image\" loading=\"lazy\" src=\"https:\/\/www.europesays.com\/pt\/wp-content\/uploads\/2025\/11\/VFGDG4X3FZGNLAJ2FWCWCB7UB4.png\"  width=\"677\" height=\"339\"\/>Wallas n\u00e3o economizou nos apontamentos aos rivais Reprodu\u00e7\u00e3o\/RecordPlus <\/p>\n<p class=\"jarvics:base-text-neutral-high-400 base-text-[calc(theme(fontSize.xs)_*_var(--font-size,_1))] base-font-normal base-font-primary base-text-neutral-low-500 base-text-left\">Pela primeira vez em <a href=\"https:\/\/record.r7.com\/a-fazenda\/a-fazenda-17\/\" target=\"_self\" rel=\"nofollow noopener\" title=\"https:\/\/record.r7.com\/a-fazenda\/a-fazenda-17\/\"><b>A Fazenda 17<\/b><\/a>, um pe\u00e3o conquistou o Lampi\u00e3o do Poder e a coroa caipira na mesma semana. Apesar de ter seu pergaminho anulado no Deck, <a href=\"https:\/\/record.r7.com\/a-fazenda\/a-fazenda-17\/peoes\/wallas-arrais\" target=\"_self\" rel=\"nofollow noopener\" title=\"https:\/\/record.r7.com\/a-fazenda\/a-fazenda-17\/peoes\/wallas-arrais\"><b>Wallas Arrais<\/b><\/a> deu a volta por cima no game e garantiu o chap\u00e9u mais cobi\u00e7ado de Itapecerica das Chamas. <\/p>\n<ul class=\"b-article-body__list-unordered\">\n<li><b>Quer ficar por dentro de tudo que est\u00e1 acontecendo em\u00a0<\/b><b>A Fazenda 17<\/b><b>?\u00a0<\/b><a href=\"https:\/\/www.whatsapp.com\/channel\/0029Va2cJIR1noz2ahzX0D1N\" target=\"_blank\" rel=\"noreferrer nofollow noopener\" title=\"https:\/\/www.whatsapp.com\/channel\/0029Va2cJIR1noz2ahzX0D1N\"><b>Clique aqui<\/b><\/a><b>\u00a0e fa\u00e7a parte do nosso canal no WhatsApp!<\/b><\/li>\n<\/ul>\n<p class=\"jarvics:base-text-neutral-high-400 base-text-[calc(theme(fontSize.xs)_*_var(--font-size,_1))] base-font-normal base-font-primary base-text-neutral-low-500 base-text-left\">Na hora de aproveitar a regalia do \u201creinado\u201d no Rancho do Fazendeiro, o cantor convocou <a href=\"https:\/\/record.r7.com\/a-fazenda\/a-fazenda-17\/peoes\/matheus-martins\" target=\"_self\" rel=\"nofollow noopener\" title=\"https:\/\/record.r7.com\/a-fazenda\/a-fazenda-17\/peoes\/matheus-martins\"><b>Matheus Martins<\/b><\/a>, <a href=\"https:\/\/record.r7.com\/a-fazenda\/a-fazenda-17\/peoes\/shia-phoenix\" target=\"_self\" rel=\"nofollow noopener\" title=\"https:\/\/record.r7.com\/a-fazenda\/a-fazenda-17\/peoes\/shia-phoenix\"><b>Shia Phoenix<\/b><\/a> e <a href=\"https:\/\/record.r7.com\/a-fazenda\/a-fazenda-17\/peoes\/walerio-araujo\" target=\"_self\" rel=\"nofollow noopener\" title=\"https:\/\/record.r7.com\/a-fazenda\/a-fazenda-17\/peoes\/walerio-araujo\"><b>Wal\u00e9rio Ara\u00fajo<\/b><\/a>. Os pe\u00f5es se jogaram no espa\u00e7o VIP do reality rural em uma tarde de comes, bebes, estrat\u00e9gias, fofocas e at\u00e9 revela\u00e7\u00f5es; se liga!<\/p>\n<p class=\"jarvics:base-text-neutral-high-400 base-text-[calc(theme(fontSize.xs)_*_var(--font-size,_1))] base-font-normal base-font-primary base-text-neutral-low-500 base-text-left\">O quarteto come\u00e7ou os trabalhos brindando \u00e0 final do reality show: \u201cQue possamos ficar no Top 8\u2033. Logo de cara, os pe\u00f5es repercutiram o assunto que chocou a sede: a elimina\u00e7\u00e3o de <a href=\"https:\/\/record.r7.com\/a-fazenda\/a-fazenda-17\/peoes\/yona-sousa\" target=\"_self\" rel=\"nofollow noopener\" title=\"https:\/\/record.r7.com\/a-fazenda\/a-fazenda-17\/peoes\/yona-sousa\"><b>Yon\u00e1 Sousa<\/b><\/a>. <\/p>\n<p class=\"jarvics:base-text-neutral-high-400 base-text-[calc(theme(fontSize.xs)_*_var(--font-size,_1))] base-font-normal base-font-primary base-text-neutral-low-500 base-text-left\">Relembrando o embate de Wallas com a advogada, Matheus brincou: \u201cSua advers\u00e1ria meteu o p\u00e9. Uma das [inimigas], que ainda tem uma fila para despejar [do reality]\u201d. <\/p>\n<p class=\"jarvics:base-text-neutral-high-400 base-text-[calc(theme(fontSize.xs)_*_var(--font-size,_1))] base-font-normal base-font-primary base-text-neutral-low-500 base-text-left\">O Fazendeiro comemorou a sa\u00edda de Yon\u00e1 do game, mas confessou: \u201cFico triste s\u00f3 por um ponto, [ela] era uma boa jogadora. Se a gente se abra\u00e7a ali no in\u00edcio para ser parceiro, \u2018nois\u2019 ia dar o tom aqui dentro\u201d. <\/p>\n<p><b>Se liga:<\/b><\/p>\n<p class=\"jarvics:base-text-neutral-high-400 base-text-[calc(theme(fontSize.xs)_*_var(--font-size,_1))] base-font-normal base-font-primary base-text-neutral-low-500 base-text-left\">O papo de jogo continuou e Shia alertou os amigos: \u201cA gente precisa ficar de olho no <a href=\"https:\/\/record.r7.com\/a-fazenda\/a-fazenda-17\/peoes\/dudu-camargo\" target=\"_self\" rel=\"nofollow noopener\" title=\"https:\/\/record.r7.com\/a-fazenda\/a-fazenda-17\/peoes\/dudu-camargo\"><b>Dudu<\/b><\/a> [<a href=\"https:\/\/record.r7.com\/a-fazenda\/a-fazenda-17\/peoes\/dudu-camargo\" target=\"_self\" rel=\"nofollow noopener\" title=\"https:\/\/record.r7.com\/a-fazenda\/a-fazenda-17\/peoes\/dudu-camargo\"><b>Camargo<\/b><\/a>] e na <a href=\"https:\/\/record.r7.com\/a-fazenda\/a-fazenda-17\/peoes\/tamires-assis\" target=\"_self\" rel=\"nofollow noopener\" title=\"https:\/\/record.r7.com\/a-fazenda\/a-fazenda-17\/peoes\/tamires-assis\"><b>T\u00e0mires<\/b><\/a> [<a href=\"https:\/\/record.r7.com\/a-fazenda\/a-fazenda-17\/peoes\/tamires-assis\" target=\"_self\" rel=\"nofollow noopener\" title=\"https:\/\/record.r7.com\/a-fazenda\/a-fazenda-17\/peoes\/tamires-assis\"><b>Ass\u00ees<\/b><\/a>]. Porque as outras ali, <a href=\"https:\/\/record.r7.com\/a-fazenda\/a-fazenda-17\/peoes\/saory-cardoso\" target=\"_self\" rel=\"nofollow noopener\" title=\"https:\/\/record.r7.com\/a-fazenda\/a-fazenda-17\/peoes\/saory-cardoso\"><b>Saory<\/b><\/a> [<a href=\"https:\/\/record.r7.com\/a-fazenda\/a-fazenda-17\/peoes\/saory-cardoso\" target=\"_self\" rel=\"nofollow noopener\" title=\"https:\/\/record.r7.com\/a-fazenda\/a-fazenda-17\/peoes\/saory-cardoso\"><b>Cardoso<\/b><\/a>] e <a href=\"https:\/\/record.r7.com\/a-fazenda\/a-fazenda-17\/peoes\/carol-lekker\" target=\"_self\" rel=\"nofollow noopener\" title=\"https:\/\/record.r7.com\/a-fazenda\/a-fazenda-17\/peoes\/carol-lekker\"><b>Carol<\/b><\/a> [<a href=\"https:\/\/record.r7.com\/a-fazenda\/a-fazenda-17\/peoes\/carol-lekker\" target=\"_self\" rel=\"nofollow noopener\" title=\"https:\/\/record.r7.com\/a-fazenda\/a-fazenda-17\/peoes\/carol-lekker\"><b>Lekker<\/b><\/a>] est\u00e3o desesperadas\u201d. <\/p>\n<p class=\"jarvics:base-text-neutral-high-400 base-text-[calc(theme(fontSize.xs)_*_var(--font-size,_1))] base-font-normal base-font-primary base-text-neutral-low-500 base-text-left\">Arquitetando os planos para a pr\u00f3xima Ro\u00e7a, a ideia dos pe\u00f5es seria indicar alguma integrante da Equipe Total aos banquinhos. Pensando nisso, Matheus observou: \u201cN\u00e3o votam com a gente se colocarmos uma delas\u201d. <\/p>\n<p class=\"jarvics:base-text-neutral-high-400 base-text-[calc(theme(fontSize.xs)_*_var(--font-size,_1))] base-font-normal base-font-primary base-text-neutral-low-500 base-text-left\">Considerando os papos que j\u00e1 teve com o jornalista, Shia garantiu: \u201cO Dudu vota em qualquer uma para se salvar. Todos os acordos que fiz, ele aceitava\u201d. <\/p>\n<p><b>Confira: <\/b><\/p>\n<p class=\"jarvics:base-text-neutral-high-400 base-text-[calc(theme(fontSize.xs)_*_var(--font-size,_1))] base-font-normal base-font-primary base-text-neutral-low-500 base-text-left\">Mantendo o foco nas rivais, o Fazendeiro desabafou sobre sua nova maior inimiga na sede: \u201cN\u00e3o quero ir para cima da <a href=\"https:\/\/record.r7.com\/a-fazenda\/a-fazenda-17\/peoes\/kathy-maravilha\" target=\"_self\" rel=\"nofollow noopener\" title=\"https:\/\/record.r7.com\/a-fazenda\/a-fazenda-17\/peoes\/kathy-maravilha\"><b>Kathy<\/b><\/a> [<a href=\"https:\/\/record.r7.com\/a-fazenda\/a-fazenda-17\/peoes\/kathy-maravilha\" target=\"_self\" rel=\"nofollow noopener\" title=\"https:\/\/record.r7.com\/a-fazenda\/a-fazenda-17\/peoes\/kathy-maravilha\"><b>Maravilha<\/b><\/a>] da forma que vou na Carol daqui para frente. O que aconteceu, para mim, \u00e9 at\u00e9 o fim. N\u00e3o tem mais volta, reconcilia\u00e7\u00e3o\u201d. <\/p>\n<p class=\"jarvics:base-text-neutral-high-400 base-text-[calc(theme(fontSize.xs)_*_var(--font-size,_1))] base-font-normal base-font-primary base-text-neutral-low-500 base-text-left\">Wallas tamb\u00e9m explicou sua estrat\u00e9gia para a oitava berlinda da temporada e fez toda uma analogia sobre mirar em uma peoa com o objetivo de eliminar outra aliada dela. <\/p>\n<p class=\"jarvics:base-text-neutral-high-400 base-text-[calc(theme(fontSize.xs)_*_var(--font-size,_1))] base-font-normal base-font-primary base-text-neutral-low-500 base-text-left\">\u201cExiste uma serpente [Equipe Total] e tem a cabe\u00e7a. Hoje, n\u00e3o \u00e9 Dudu. Ele \u00e9 s\u00f3 o bichinho que a cobra come para se manter viva. Meu ponto \u00e9 atacar a cabe\u00e7a da serpente, com 99% de certeza que ela n\u00e3o sai [do reality], mas com a mesma certeza de que ela estando l\u00e1 [na Ro\u00e7a] outros n\u00e3o voltam [para a sede]\u201d. <\/p>\n<p><b>Olha s\u00f3: <\/b><\/p>\n<p class=\"jarvics:base-text-neutral-high-400 base-text-[calc(theme(fontSize.xs)_*_var(--font-size,_1))] base-font-normal base-font-primary base-text-neutral-low-500 base-text-left\">Em seguida, o Fazendeiro confirmou sua indica\u00e7\u00e3o e fez um pedido aos pe\u00f5es: \u201cNingu\u00e9m fala que vou na Carol. Nem para <a href=\"https:\/\/record.r7.com\/a-fazenda\/a-fazenda-17\/peoes\/michelle-barros\" target=\"_self\" rel=\"nofollow noopener\" title=\"https:\/\/record.r7.com\/a-fazenda\/a-fazenda-17\/peoes\/michelle-barros\"><b>Michelle<\/b><\/a> [<a href=\"https:\/\/record.r7.com\/a-fazenda\/a-fazenda-17\/peoes\/michelle-barros\" target=\"_self\" rel=\"nofollow noopener\" title=\"https:\/\/record.r7.com\/a-fazenda\/a-fazenda-17\/peoes\/michelle-barros\"><b>Barros<\/b><\/a>], <a href=\"https:\/\/record.r7.com\/a-fazenda\/a-fazenda-17\/peoes\/maria-caporusso\" target=\"_self\" rel=\"nofollow noopener\" title=\"https:\/\/record.r7.com\/a-fazenda\/a-fazenda-17\/peoes\/maria-caporusso\"><b>Maria<\/b><\/a> [<a href=\"https:\/\/record.r7.com\/a-fazenda\/a-fazenda-17\/peoes\/maria-caporusso\" target=\"_self\" rel=\"nofollow noopener\" title=\"https:\/\/record.r7.com\/a-fazenda\/a-fazenda-17\/peoes\/maria-caporusso\"><b>Caporusso<\/b><\/a>] ou <a href=\"https:\/\/record.r7.com\/a-fazenda\/a-fazenda-17\/peoes\/rayane-figliuzzi\" target=\"_self\" rel=\"nofollow noopener\" title=\"https:\/\/record.r7.com\/a-fazenda\/a-fazenda-17\/peoes\/rayane-figliuzzi\"><b>Ray<\/b><\/a> [<a href=\"https:\/\/record.r7.com\/a-fazenda\/a-fazenda-17\/peoes\/rayane-figliuzzi\" target=\"_self\" rel=\"nofollow noopener\" title=\"https:\/\/record.r7.com\/a-fazenda\/a-fazenda-17\/peoes\/rayane-figliuzzi\"><b>Figliuzzi<\/b><\/a>]\u201d. Todos prometeram sigilo at\u00e9 para suas maiores duplas no jogo. <\/p>\n<p class=\"jarvics:base-text-neutral-high-400 base-text-[calc(theme(fontSize.xs)_*_var(--font-size,_1))] base-font-normal base-font-primary base-text-neutral-low-500 base-text-left\">N\u00e3o demorou para o tiro de dardos nos rivais come\u00e7ar e a foto de <a href=\"https:\/\/record.r7.com\/a-fazenda\/a-fazenda-17\/peoes\/luiz-mesquita\" target=\"_self\" rel=\"nofollow noopener\" title=\"https:\/\/record.r7.com\/a-fazenda\/a-fazenda-17\/peoes\/luiz-mesquita\"><b>Luiz Mesquita<\/b><\/a> foi a primeira colocada no alvo. Depois, Carol entrou na mira, seguida de Saory e <a href=\"https:\/\/record.r7.com\/a-fazenda\/a-fazenda-17\/peoes\/duda-wendling\" target=\"_self\" rel=\"nofollow noopener\" title=\"https:\/\/record.r7.com\/a-fazenda\/a-fazenda-17\/peoes\/duda-wendling\"><b>Duda Wendling<\/b><\/a>. A cada dardo jogado, os pe\u00f5es disparavam ofensas. <\/p>\n<p class=\"jarvics:base-text-neutral-high-400 base-text-[calc(theme(fontSize.xs)_*_var(--font-size,_1))] base-font-normal base-font-primary base-text-neutral-low-500 base-text-left\">Na volta dos pe\u00f5es para a sede, ainda rolou pegadinha com os outros competidores. Shia simulou uma alfinetada fake em Wallas, dando a entender que ele seria a escolha do Fazendeiro para a berlinda. <\/p>\n<p class=\"jarvics:base-text-neutral-high-400 base-text-[calc(theme(fontSize.xs)_*_var(--font-size,_1))] base-font-normal base-font-primary base-text-neutral-low-500 base-text-left\">\u201cMe chama [para o Rancho] para colocar minha foto [no alvo] e dizer que vai me indicar. O cara \u00e9 doido de verdade. Parab\u00e9ns, meu irm\u00e3o. Loucura est\u00e1 no seu sobrenome\u201d. <\/p>\n<p><b>Assista: <\/b><\/p>\n<p class=\"jarvics:base-text-neutral-high-400 base-text-[calc(theme(fontSize.xs)_*_var(--font-size,_1))] base-font-normal base-font-primary base-text-neutral-low-500 base-text-left\">Eita, ser\u00e1 que o grande plano do cantor vai se concretizar?<\/p>\n<p class=\"jarvics:base-text-neutral-high-400 base-text-[calc(theme(fontSize.xs)_*_var(--font-size,_1))] base-font-normal base-font-primary base-text-neutral-low-500 base-text-left\">Fique ligado! <a href=\"https:\/\/record.r7.com\/a-fazenda\/a-fazenda-17\/\" rel=\"nofollow noopener\" title=\"https:\/\/record.r7.com\/a-fazenda\/a-fazenda-17\/\" target=\"_blank\"><b>A Fazenda 17<\/b><\/a> vai ao ar de segunda a domingo, \u00e0s 22h30, na tela da <a href=\"https:\/\/record.r7.com\/\" rel=\"nofollow noopener\" target=\"_blank\"><b>RECORD<\/b><\/a>. Assine o <a href=\"https:\/\/www.recordplus.com\/home\" rel=\"nofollow noopener\" title=\"https:\/\/www.recordplus.com\/home\" target=\"_blank\"><b>RecordPlus<\/b><\/a> e tenha acesso \u00e0s c\u00e2meras 24 horas.<\/p>\n<p><b>No ch\u00e3o! Relembre os maiores tombos de A Fazenda 17<\/b><\/p>\n<p class=\"jarvics:base-text-neutral-high-400 base-text-[calc(theme(fontSize.xxs)_*_var(--font-size,_1))] base-font-semibold base-font-primary base-text-neutral-low-500 base-text-left\">Pe\u00e3o \u00e9 gente como a gente: briga, chora, ri e tamb\u00e9m paga mico! Em A Fazenda 17, a galera caprichou nos tombos, escorreg\u00f5es, quedas desastrosas e trope\u00e7os. Todos ca\u00edram, mas passam bem, ent\u00e3o o riso est\u00e1 liberado!<\/p>\n","protected":false},"excerpt":{"rendered":"Wallas n\u00e3o economizou nos apontamentos aos rivais Reprodu\u00e7\u00e3o\/RecordPlus Pela primeira vez em A Fazenda 17, um pe\u00e3o conquistou&hellip;\n","protected":false},"author":2,"featured_media":145930,"comment_status":"","ping_status":"","sticky":false,"template":"","format":"standard","meta":{"footnotes":""},"categories":[142],"tags":[657,114,115,21428,32,33,26042,151,22563,24065],"class_list":{"0":"post-145929","1":"post","2":"type-post","3":"status-publish","4":"format-standard","5":"has-post-thumbnail","7":"category-tv","8":"tag-a-fazenda","9":"tag-entertainment","10":"tag-entretenimento","11":"tag-matheus-martins","12":"tag-portugal","13":"tag-pt","14":"tag-shia-phoenix","15":"tag-tv","16":"tag-walerio-araujo","17":"tag-wallas-arrais"},"share_on_mastodon":{"url":"https:\/\/pubeurope.com\/@pt\/115522252731166544","error":""},"_links":{"self":[{"href":"https:\/\/www.europesays.com\/pt\/wp-json\/wp\/v2\/posts\/145929","targetHints":{"allow":["GET"]}}],"collection":[{"href":"https:\/\/www.europesays.com\/pt\/wp-json\/wp\/v2\/posts"}],"about":[{"href":"https:\/\/www.europesays.com\/pt\/wp-json\/wp\/v2\/types\/post"}],"author":[{"embeddable":true,"href":"https:\/\/www.europesays.com\/pt\/wp-json\/wp\/v2\/users\/2"}],"replies":[{"embeddable":true,"href":"https:\/\/www.europesays.com\/pt\/wp-json\/wp\/v2\/comments?post=145929"}],"version-history":[{"count":0,"href":"https:\/\/www.europesays.com\/pt\/wp-json\/wp\/v2\/posts\/145929\/revisions"}],"wp:featuredmedia":[{"embeddable":true,"href":"https:\/\/www.europesays.com\/pt\/wp-json\/wp\/v2\/media\/145930"}],"wp:attachment":[{"href":"https:\/\/www.europesays.com\/pt\/wp-json\/wp\/v2\/media?parent=145929"}],"wp:term":[{"taxonomy":"category","embeddable":true,"href":"https:\/\/www.europesays.com\/pt\/wp-json\/wp\/v2\/categories?post=145929"},{"taxonomy":"post_tag","embeddable":true,"href":"https:\/\/www.europesays.com\/pt\/wp-json\/wp\/v2\/tags?post=145929"}],"curies":[{"name":"wp","href":"https:\/\/api.w.org\/{rel}","templated":true}]}}