{"id":145937,"date":"2025-11-09T23:11:14","date_gmt":"2025-11-09T23:11:14","guid":{"rendered":"https:\/\/www.europesays.com\/pt\/145937\/"},"modified":"2025-11-09T23:11:14","modified_gmt":"2025-11-09T23:11:14","slug":"cinha-jardim-revela-lado-sombrio-de-famosa-bem-conhecida-ela-e-insuportavel","status":"publish","type":"post","link":"https:\/\/www.europesays.com\/pt\/145937\/","title":{"rendered":"Cinha Jardim &#8211; Revela lado \u2018sombrio\u2019 de famosa bem conhecida: \u201cEla \u00e9 insuport\u00e1vel\u201d"},"content":{"rendered":"<p><strong>Cinha Jardim, Gon\u00e7alo Quinaz e Lu\u00edsa Castel-Branco<\/strong> voltaram ao <strong>Dois \u00e0s 10<\/strong> para comentar as \u00faltimas not\u00edcias sobre os famosos. Durante um dos temas que marcaram as manh\u00e3s da <strong>TVI<\/strong>, a socialite acaba por fazer duros coment\u00e1rios a uma famosa mundialmente conhecida.<\/p>\n<p><strong>\u201cTanto quanto n\u00f3s sabemos, e aquilo que vem escrito, ela \u00e9 insuport\u00e1vel (\u2026) Ela maltrata as pessoas\u201d<\/strong>, criticou.<\/p>\n<blockquote>\n<p><strong>Leia tamb\u00e9m: Cinha Jardim <\/strong><a href=\"https:\/\/www.novagente.pt\/cinha-jardim-recusa-se-participar-em-programa-da-tvi-juntamente-com-pimpinha-jardim\" rel=\"nofollow noopener\" target=\"_blank\">recusa-se a participar em programa da TVI juntamente com Pimpinha Jardim<\/a><\/p>\n<\/blockquote>\n<p><strong>\u201cEu lembro-me da Meghan [Markle] estar aqui no Pal\u00e1cio, e quando casou, de toda a gente dizer mal dela\u201d<\/strong>, sublinhou.<\/p>\n<p>Por fim, Lu\u00edsa Castel-Branco referiu ainda:<strong> \u201cEla, no Pal\u00e1cio, foi a \u00fanica pessoa que conseguiu que houvesse 8 empregados a fazer queixa dela\u201d<\/strong>.<\/p>\n<p>\u00a0<\/p>\n<p>Texto: Carolina Charrua; Fotos: Redes sociais e Impala<\/p>\n<p class=\"intagram-text\">Siga a Nova Gente no Instagram<\/p>\n<p>                        <a href=\"https:\/\/www.instagram.com\/revistanovagente\/\" target=\"_blank\" aria-label=\"instagram\" rel=\"noopener nofollow\"><img decoding=\"async\" style=\"display: block; margin-left: auto; margin-right: auto; width: 250px; height: 83px;\" src=\"https:\/\/www.europesays.com\/pt\/wp-content\/uploads\/2025\/11\/Instagram_NG.png\" alt=\"instagram\"\/><\/a><br \/>\n                    <script async src=\"\/\/www.instagram.com\/embed.js\"><\/script><\/p>\n","protected":false},"excerpt":{"rendered":"Cinha Jardim, Gon\u00e7alo Quinaz e Lu\u00edsa Castel-Branco voltaram ao Dois \u00e0s 10 para comentar as \u00faltimas not\u00edcias sobre&hellip;\n","protected":false},"author":2,"featured_media":145938,"comment_status":"","ping_status":"","sticky":false,"template":"","format":"standard","meta":{"footnotes":""},"categories":[85],"tags":[18270,801,114,115,18269,710,32,33,162],"class_list":{"0":"post-145937","1":"post","2":"type-post","3":"status-publish","4":"format-standard","5":"has-post-thumbnail","7":"category-entretenimento","8":"tag-cinha-jardim","9":"tag-dois-as-10","10":"tag-entertainment","11":"tag-entretenimento","12":"tag-luisa-castel-branco","13":"tag-meghan-markle","14":"tag-portugal","15":"tag-pt","16":"tag-tvi"},"share_on_mastodon":{"url":"https:\/\/pubeurope.com\/@pt\/115522272905667926","error":""},"_links":{"self":[{"href":"https:\/\/www.europesays.com\/pt\/wp-json\/wp\/v2\/posts\/145937","targetHints":{"allow":["GET"]}}],"collection":[{"href":"https:\/\/www.europesays.com\/pt\/wp-json\/wp\/v2\/posts"}],"about":[{"href":"https:\/\/www.europesays.com\/pt\/wp-json\/wp\/v2\/types\/post"}],"author":[{"embeddable":true,"href":"https:\/\/www.europesays.com\/pt\/wp-json\/wp\/v2\/users\/2"}],"replies":[{"embeddable":true,"href":"https:\/\/www.europesays.com\/pt\/wp-json\/wp\/v2\/comments?post=145937"}],"version-history":[{"count":0,"href":"https:\/\/www.europesays.com\/pt\/wp-json\/wp\/v2\/posts\/145937\/revisions"}],"wp:featuredmedia":[{"embeddable":true,"href":"https:\/\/www.europesays.com\/pt\/wp-json\/wp\/v2\/media\/145938"}],"wp:attachment":[{"href":"https:\/\/www.europesays.com\/pt\/wp-json\/wp\/v2\/media?parent=145937"}],"wp:term":[{"taxonomy":"category","embeddable":true,"href":"https:\/\/www.europesays.com\/pt\/wp-json\/wp\/v2\/categories?post=145937"},{"taxonomy":"post_tag","embeddable":true,"href":"https:\/\/www.europesays.com\/pt\/wp-json\/wp\/v2\/tags?post=145937"}],"curies":[{"name":"wp","href":"https:\/\/api.w.org\/{rel}","templated":true}]}}