{"id":145939,"date":"2025-11-09T23:12:24","date_gmt":"2025-11-09T23:12:24","guid":{"rendered":"https:\/\/www.europesays.com\/pt\/145939\/"},"modified":"2025-11-09T23:12:24","modified_gmt":"2025-11-09T23:12:24","slug":"e-os-destaques-tecnologicos-da-semana-que-passou-foram-5","status":"publish","type":"post","link":"https:\/\/www.europesays.com\/pt\/145939\/","title":{"rendered":"E os destaques tecnol\u00f3gicos da semana que passou foram&#8230;"},"content":{"rendered":"<p>Nesta semana que passou, fal\u00e1mos da solu\u00e7\u00e3o Ao-Solar Extender da Nissan, fomos conhecer o novo Renault Twingo, analis\u00e1mos o smartwatch Huawei Watch Ultimate 2 e o smartphone Xiaomi 15T Pro, e muito mais.<\/p>\n<p><a target=\"_blank\" href=\"https:\/\/pplware.sapo.pt\/wp-content\/uploads\/2025\/11\/destaques_9nov.jpg\" onclick=\"refreshIframe()\" class=\"foobox\" rel=\"nofollow noopener\"><img fetchpriority=\"high\" decoding=\"async\" src=\"https:\/\/www.europesays.com\/pt\/wp-content\/uploads\/2025\/11\/destaques_9nov-720x405.jpg\" alt=\"E os destaques tecnol\u00f3gicos da semana que passou foram... - nissan, renault, huawei, xiaomi\" width=\"720\" height=\"405\" class=\"aligncenter size-medium wp-image-1087634\"  \/><\/a><\/p>\n<p>A import\u00e2ncia da IA est\u00e1 mais que clara nos dias de hoje. As grandes empresas tomaram consci\u00eancia disso e est\u00e3o j\u00e1 a aproveitar. Assim, a Google lan\u00e7ou o seu primeiro an\u00fancio de TV gerado por intelig\u00eancia artificial. Temos um peru a fugir de um galinheiro usando o modo de pesquisa por IA. Ser\u00e1 que vai funcionar?<\/p>\n<p><a target=\"_blank\" href=\"https:\/\/pplware.sapo.pt\/wp-content\/uploads\/2025\/11\/google_anuncio_ia.jpg\" onclick=\"refreshIframe()\" class=\"foobox\" rel=\"nofollow noopener\"><img loading=\"lazy\" decoding=\"async\" src=\"https:\/\/www.europesays.com\/pt\/wp-content\/uploads\/2025\/11\/google_anuncio_ia-720x405.jpg\" alt=\"\" width=\"720\" height=\"405\" class=\"aligncenter size-medium wp-image-1086461\"  \/><\/a><\/p>\n<p>Chegou, em setembro, mais latino do que nunca. Agora, os clientes portugueses, que partilham o ADN com este modelo, j\u00e1 podem encomendar o novo Renault Clio, com as primeiras entregas previstas para o in\u00edcio de 2026.<\/p>\n<p><a target=\"_blank\" href=\"https:\/\/pplware.sapo.pt\/wp-content\/uploads\/2025\/09\/renault_clio2025-1.jpg\" onclick=\"refreshIframe()\" class=\"foobox\" rel=\"nofollow noopener\"><img loading=\"lazy\" decoding=\"async\" src=\"https:\/\/www.europesays.com\/pt\/wp-content\/uploads\/2025\/11\/renault_clio2025-1-720x405.jpg\" alt=\"Renault Clio\" width=\"720\" height=\"405\" class=\"aligncenter size-medium wp-image-1077488\"  \/><\/a><\/p>\n<p>A Atari voltou a mergulhar nas suas origens e, desta vez, em parceria com a PLAION REPLAI, apresentou uma edi\u00e7\u00e3o muito especial da sua ic\u00f3nica consola: Atari 2600+ Pac-Man Edition. Lan\u00e7ada a 31 de outubro de 2025, data perfeita para uma fant\u00e1stica sugest\u00e3o de presente de Natal, esta edi\u00e7\u00e3o limitada \u00e9 uma homenagem vibrante a duas das marcas mais reconhecidas e queridas da hist\u00f3ria dos videojogos.<\/p>\n<p><a target=\"_blank\" href=\"https:\/\/pplware.sapo.pt\/wp-content\/uploads\/2025\/11\/atari_01.webp\" rel=\"nofollow noopener\"><img loading=\"lazy\" decoding=\"async\" src=\"https:\/\/www.europesays.com\/pt\/wp-content\/uploads\/2025\/11\/atari_01-720x405.webp.webp\" alt=\"Imagem da consola Atari 2600+ Pac-Man Edition\" width=\"720\" height=\"405\" class=\"aligncenter wp-image-1086677 size-medium\"  \/><\/a><\/p>\n<p>A Apple tem uma excelente novidade para os utilizadores em Portugal e no resto da Europa. A melhor funcionalidade dos novos AirPods Pro 3 e noutros auscultadores com o chip H2 vai finalmente chegar ao nosso pa\u00eds e assim dar ainda mais a este novo hardware. A Tradu\u00e7\u00e3o ao Vivo em breve ser\u00e1 uma realidade para todos.<\/p>\n<p><a target=\"_blank\" href=\"https:\/\/pplware.sapo.pt\/wp-content\/uploads\/2025\/11\/Apple-Live-Translation-AirPods-hero-scaled.jpg\" onclick=\"refreshIframe()\" class=\"foobox\" rel=\"nofollow noopener\"><img loading=\"lazy\" decoding=\"async\" src=\"https:\/\/www.europesays.com\/pt\/wp-content\/uploads\/2025\/11\/Apple-Live-Translation-AirPods-hero-1024x576.jpg\" alt=\"Apple AirPods Pro 3 Tradu\u00e7\u00e3o ao Vivo Portugal Europa\" width=\"720\" height=\"405\" class=\"aligncenter size-large wp-image-1086793\"  \/><\/a><\/p>\n<p>Porque \u00e9 que o Renault 5 E-Tech ainda faz virar muitas cabe\u00e7as enquanto rola estrada fora? Ser\u00e1 pela emo\u00e7\u00e3o nost\u00e1lgica que o modelo ainda provoca? Ou pelo evidente prazer da condu\u00e7\u00e3o de quem o conduz? Sent\u00e1mo-nos ao volante deste j\u00e1 ic\u00f3nico autom\u00f3vel para perceber o fen\u00f3meno.<\/p>\n<p><a target=\"_blank\" href=\"https:\/\/pplware.sapo.pt\/wp-content\/uploads\/2024\/11\/Renault-5-E-Tech-100-eletrico-1.jpg\" onclick=\"refreshIframe()\" class=\"foobox\" rel=\"nofollow noopener\"><a target=\"_blank\" href=\"https:\/\/pplware.sapo.pt\/wp-content\/uploads\/2025\/11\/renault_5_e_tech_100_00.webp\" rel=\"nofollow noopener\"><img loading=\"lazy\" decoding=\"async\" src=\"https:\/\/www.europesays.com\/pt\/wp-content\/uploads\/2025\/11\/renault_5_e_tech_100_00-720x405.webp.webp\" alt=\"\" width=\"720\" height=\"405\" class=\"aligncenter size-medium wp-image-1086883\"  \/><\/a><\/p>\n<p>No Japan Mobility Show, a Nissan anunciou um prot\u00f3tipo equipado com um sistema de produ\u00e7\u00e3o de energia solar integrado. De nome Ao-Solar Extender, o sistema de pain\u00e9is solares procura reduzir a depend\u00eancia da rede el\u00e9trica e aumentar a conveni\u00eancia da utiliza\u00e7\u00e3o de ve\u00edculos el\u00e9tricos.<\/p>\n<p><a target=\"_blank\" href=\"https:\/\/pplware.sapo.pt\/wp-content\/uploads\/2025\/11\/nissan_ao-solar-extender-2.jpg\" onclick=\"refreshIframe()\" class=\"foobox\" rel=\"nofollow noopener\"><img loading=\"lazy\" decoding=\"async\" src=\"https:\/\/www.europesays.com\/pt\/wp-content\/uploads\/2025\/11\/nissan_ao-solar-extender-2-720x405.jpg\" alt=\"Nissan Sakura com o sistema de pain\u00e9is solares para carros el\u00e9tricos, o Ao-Solar Extender\" width=\"720\" height=\"405\" class=\"aligncenter wp-image-1086819 size-medium\"  \/><\/a><\/p>\n<p>A Huawei redefine o treino desportivo com a Huawei Watch GT 6 Series, um smartwatch concebido para quem procura otimizar o seu rendimento. Ao introduzir a medi\u00e7\u00e3o de pot\u00eancia virtual de ciclismo, uma m\u00e9trica at\u00e9 agora reservada a equipamentos profissionais, a marca torna acess\u00edvel a todos os entusiastas um treino mais inteligente e eficiente.<\/p>\n<p><a target=\"_blank\" href=\"https:\/\/pplware.sapo.pt\/wp-content\/uploads\/2025\/10\/HUAWEI-Watch-GT-6-Series-1.jpg\" onclick=\"refreshIframe()\" class=\"foobox\" rel=\"nofollow noopener\"><img loading=\"lazy\" decoding=\"async\" src=\"https:\/\/www.europesays.com\/pt\/wp-content\/uploads\/2025\/11\/HUAWEI-Watch-GT-6-Series-1-720x405.jpg\" alt=\"\" width=\"720\" height=\"405\" class=\"aligncenter size-medium wp-image-1083181\"  \/><\/a><\/p>\n<p>Um novo avan\u00e7o na nanomedicina promete revolucionar o tratamento do cancro. Investigadores conseguiram reformular um f\u00e1rmaco cl\u00e1ssico, tornando-o milhares de vezes mais eficaz e praticamente isento de efeitos secund\u00e1rios.<\/p>\n<p><a target=\"_blank\" href=\"https:\/\/pplware.sapo.pt\/wp-content\/uploads\/2025\/11\/SNAs_medicamente00.webp\" rel=\"nofollow noopener\"><img loading=\"lazy\" decoding=\"async\" src=\"https:\/\/www.europesays.com\/pt\/wp-content\/uploads\/2025\/11\/SNAs_medicamente00-720x404.webp.webp\" alt=\"\" width=\"720\" height=\"404\" class=\"aligncenter size-medium wp-image-1086984\"  \/><\/a><\/p>\n<p>Fazer o b\u00e1sico bem feito parece simples, mas nem todas as fabricantes conseguem faz\u00ea-lo com mestria. Em resposta ao mercado, que implorava por modelos ajustados aos seus bolsos, a Renault resolveu um problema para o qual ela pr\u00f3pria se fartou de avisar: repensou o Twingo e acaba de apresentar a vers\u00e3o E-Tech por menos de 20.000 euros!<\/p>\n<p><a target=\"_blank\" href=\"https:\/\/pplware.sapo.pt\/wp-content\/uploads\/2025\/11\/renault_twingo_eletrico-1.jpg\" onclick=\"refreshIframe()\" class=\"foobox\" rel=\"nofollow noopener\"><img loading=\"lazy\" decoding=\"async\" src=\"https:\/\/www.europesays.com\/pt\/wp-content\/uploads\/2025\/11\/renault_twingo_eletrico-1-720x405.jpg\" alt=\"Renault Twing E-Tech el\u00e9trico\" width=\"720\" height=\"405\" class=\"size-medium wp-image-1086945 aligncenter\"  \/><\/a><\/p>\n<p>O HUAWEI Watch Ultimate 2 \u00e9 o smartwatch mais avan\u00e7ado da marca, com corpo em tit\u00e2nio l\u00edquido, resist\u00eancia a mergulho t\u00e9cnico at\u00e9 100 metros, GPS de dupla frequ\u00eancia e sensores de nova gera\u00e7\u00e3o para monitoriza\u00e7\u00e3o de sa\u00fade e desempenho. Tivemos connosco este smartwatch e agora mostramos tudo o que quer saber!<\/p>\n<p><a target=\"_blank\" href=\"https:\/\/pplware.sapo.pt\/wp-content\/uploads\/2025\/11\/Pplware_HUAWEI_Watch_Ultimate-2_01.jpg\" onclick=\"refreshIframe()\" class=\"foobox\" rel=\"nofollow noopener\"><img loading=\"lazy\" decoding=\"async\" src=\"https:\/\/www.europesays.com\/pt\/wp-content\/uploads\/2025\/11\/Pplware_HUAWEI_Watch_Ultimate-2_01-1024x576.jpg\" alt=\"HUAWEI Watch Ultimate 2 smartwatch\" width=\"720\" height=\"405\" class=\"aligncenter size-large wp-image-1087121\"  \/><\/a><\/p>\n<p>A Xiaomi j\u00e1 nos habituou a ter excelentes smartphones. Com o Xiaomi 15T Pro isso volta a ser provado, com c\u00e2maras Leica, ecr\u00e3 de topo e desempenho poderoso. Uma aposta forte da Xiaomi que quer conquistar o segmento premium com equil\u00edbrio e qualidade. Conhe\u00e7a este novo smartphone!<\/p>\n<p><a target=\"_blank\" href=\"https:\/\/pplware.sapo.pt\/wp-content\/uploads\/2025\/11\/Pplasre_Xiaomi_15T_Pro_18.jpg\" onclick=\"refreshIframe()\" class=\"foobox\" rel=\"nofollow noopener\"><img loading=\"lazy\" decoding=\"async\" src=\"https:\/\/www.europesays.com\/pt\/wp-content\/uploads\/2025\/11\/Pplasre_Xiaomi_15T_Pro_18-1024x576.jpg\" alt=\"Xiaomi 15T Pro smartphone fotografia desempenho\" width=\"720\" height=\"405\" class=\"aligncenter size-large wp-image-1087331\"  \/><\/a><\/p>\n<p>A chegada do final do Ver\u00e3o corresponde normalmente \u00e0 chegada tamb\u00e9m de um novo EA SPORTS FC. Com efeito, EA SPORTS FC 26 j\u00e1 foi lan\u00e7ado e, ap\u00f3s ter dado ouvidos \u00e0s vozes dos jogadores, ser\u00e1 que a edi\u00e7\u00e3o deste ano descola do aparente marasmo no qual a s\u00e9rie se tem mantido? J\u00e1 passou algum tempo sobre o seu lan\u00e7amento mas, n\u00e3o poder\u00edamos deixar passar a ocasi\u00e3o, claro!<\/p>\n<p><a target=\"_blank\" href=\"https:\/\/pplware.sapo.pt\/wp-content\/uploads\/2025\/10\/EASPORTSFC26_0.jpg\" onclick=\"refreshIframe()\" class=\"foobox\" rel=\"nofollow noopener\"><img loading=\"lazy\" decoding=\"async\" src=\"https:\/\/www.europesays.com\/pt\/wp-content\/uploads\/2025\/11\/EASPORTSFC26_0-720x405.jpg\" alt=\"\" width=\"720\" height=\"405\" class=\"aligncenter size-medium wp-image-1083225\"  \/><\/a><\/p>\n<p>Num mundo cada vez mais dependente de servi\u00e7os cloud para alojamento, muitos ainda preferem as solu\u00e7\u00f5es f\u00edsicas e locais. Estas muitas vezes n\u00e3o s\u00e3o f\u00e1ceis de usar ou at\u00e9 simples de transportar. A SanDisk mudou isso e apresentou agora a pen USB-C de 1 TB mais pequena do mundo. <\/p>\n<p><a target=\"_blank\" href=\"https:\/\/pplware.sapo.pt\/wp-content\/uploads\/2025\/11\/SanDisk_pen_USB_1_TB_1.jpg\" onclick=\"refreshIframe()\" class=\"foobox\" rel=\"nofollow noopener\"><img loading=\"lazy\" decoding=\"async\" src=\"https:\/\/www.europesays.com\/pt\/wp-content\/uploads\/2025\/11\/SanDisk_pen_USB_1_TB_1-1024x576.jpg\" alt=\"SanDisk USB pequena 1 TB USB-C\" width=\"720\" height=\"405\" class=\"aligncenter size-large wp-image-1087546\"  \/><\/a><\/p>\n","protected":false},"excerpt":{"rendered":"Nesta semana que passou, fal\u00e1mos da solu\u00e7\u00e3o Ao-Solar Extender da Nissan, fomos conhecer o novo Renault Twingo, analis\u00e1mos&hellip;\n","protected":false},"author":2,"featured_media":145940,"comment_status":"","ping_status":"","sticky":false,"template":"","format":"standard","meta":{"footnotes":""},"categories":[84],"tags":[109,107,108,49,32,33,13287,105,103,104,106,110,13288],"class_list":{"0":"post-145939","1":"post","2":"type-post","3":"status-publish","4":"format-standard","5":"has-post-thumbnail","7":"category-ciencia-e-tecnologia","8":"tag-ciencia","9":"tag-ciencia-e-tecnologia","10":"tag-cienciaetecnologia","11":"tag-destaques","12":"tag-portugal","13":"tag-pt","14":"tag-rubrica","15":"tag-science","16":"tag-science-and-technology","17":"tag-scienceandtechnology","18":"tag-technology","19":"tag-tecnologia","20":"tag-top-semanal"},"share_on_mastodon":{"url":"https:\/\/pubeurope.com\/@pt\/115522276467179555","error":""},"_links":{"self":[{"href":"https:\/\/www.europesays.com\/pt\/wp-json\/wp\/v2\/posts\/145939","targetHints":{"allow":["GET"]}}],"collection":[{"href":"https:\/\/www.europesays.com\/pt\/wp-json\/wp\/v2\/posts"}],"about":[{"href":"https:\/\/www.europesays.com\/pt\/wp-json\/wp\/v2\/types\/post"}],"author":[{"embeddable":true,"href":"https:\/\/www.europesays.com\/pt\/wp-json\/wp\/v2\/users\/2"}],"replies":[{"embeddable":true,"href":"https:\/\/www.europesays.com\/pt\/wp-json\/wp\/v2\/comments?post=145939"}],"version-history":[{"count":0,"href":"https:\/\/www.europesays.com\/pt\/wp-json\/wp\/v2\/posts\/145939\/revisions"}],"wp:featuredmedia":[{"embeddable":true,"href":"https:\/\/www.europesays.com\/pt\/wp-json\/wp\/v2\/media\/145940"}],"wp:attachment":[{"href":"https:\/\/www.europesays.com\/pt\/wp-json\/wp\/v2\/media?parent=145939"}],"wp:term":[{"taxonomy":"category","embeddable":true,"href":"https:\/\/www.europesays.com\/pt\/wp-json\/wp\/v2\/categories?post=145939"},{"taxonomy":"post_tag","embeddable":true,"href":"https:\/\/www.europesays.com\/pt\/wp-json\/wp\/v2\/tags?post=145939"}],"curies":[{"name":"wp","href":"https:\/\/api.w.org\/{rel}","templated":true}]}}