{"id":145947,"date":"2025-11-09T23:22:14","date_gmt":"2025-11-09T23:22:14","guid":{"rendered":"https:\/\/www.europesays.com\/pt\/145947\/"},"modified":"2025-11-09T23:22:14","modified_gmt":"2025-11-09T23:22:14","slug":"caso-eloa-refem-ao-vivo-5-coisas-para-saber-sobre-antes-de-assistir-o-documentario","status":"publish","type":"post","link":"https:\/\/www.europesays.com\/pt\/145947\/","title":{"rendered":"&#8216;Caso Elo\u00e1: Ref\u00e9m ao Vivo&#8217;: 5 coisas para saber sobre antes de assistir o document\u00e1rio"},"content":{"rendered":"<p>A Netflix lan\u00e7ar\u00e1 no pr\u00f3ximo dia 12 o <a href=\"https:\/\/pt.wikipedia.org\/wiki\/Document%C3%A1rio\" rel=\"nofollow noopener\" target=\"_blank\">document\u00e1rio<\/a> \u201cCaso Elo\u00e1 \u2013 Ref\u00e9m ao Vivo\u201c, que revisita um dos crimes mais marcantes da hist\u00f3ria recente do Brasil. A produ\u00e7\u00e3o estreia no dia 12 de novembro e promete revelar trechos in\u00e9ditos do di\u00e1rio da adolescente <strong>Elo\u00e1 Cristina Pimentel<\/strong>, oferecendo uma nova perspectiva sobre o caso que chocou o pa\u00eds em 2008.<\/p>\n<p><strong>Elo\u00e1<\/strong>, de 15 anos, foi mantida em c\u00e1rcere privado por 100 horas no apartamento onde morava, em um conjunto habitacional de <a href=\"https:\/\/web.santoandre.sp.gov.br\/\" rel=\"nofollow noopener\" target=\"_blank\">Santo Andr\u00e9<\/a>, no ABC Paulista. O respons\u00e1vel foi seu ex-namorado, Lindemberg Alves, ent\u00e3o com 22 anos, que se recusava a aceitar o fim do relacionamento. Antes de assistir a nova produ\u00e7\u00e3o da Netflix, aqui v\u00e3o 5 coisas que voc\u00ea precisa saber sobre o caso!<\/p>\n<p>  1- Uma crian\u00e7a e um adulto <\/p>\n<p><strong>Elo\u00e1<\/strong> come\u00e7ou a namorar <strong>Lindemberg<\/strong> quando tinha apenas 12 anos de idade, e o relacionamento, marcado por idas e vindas, durou dois anos e sete meses. De acordo com informa\u00e7\u00f5es do portal de not\u00edcias g1, o \u00faltimo t\u00e9rmino, ocorrido cerca de um m\u00eas antes do crime, se deu por decis\u00e3o do pr\u00f3prio <strong>Lindemberg,<\/strong> que, arrependido, tentou reatar. <\/p>\n<p><strong>Elo\u00e1<\/strong>, no entanto, decidiu seguir em frente. Ele, por\u00e9m, n\u00e3o aceitaria essa decis\u00e3o. O sequestro se estendeu por cinco dias consecutivos e o caso se tornou um dos epis\u00f3dios mais acompanhados pela imprensa brasileira<\/p>\n<p>  2- V\u00edtima fazia trabalho escolar <\/p>\n<p>Na segunda-feira, 13 de outubro de 2008, <strong>Elo\u00e1<\/strong> foi para casa ap\u00f3s a escola, acompanhada dos amigos <strong>Nayara<\/strong>, <strong>Victor<\/strong> e <strong>Iago<\/strong>, para fazer um trabalho escolar. Enquanto os meninos usavam o computador, <strong>Elo\u00e1<\/strong> e <strong>Nayara<\/strong> preparavam o almo\u00e7o. <\/p>\n<p>Foi nesse momento que <strong>Lindemberg<\/strong> invadiu o apartamento armado, iniciando o sequestro que duraria dias e seria transmitido quase em tempo real pela televis\u00e3o.<\/p>\n<p>  3- Havia outros ref\u00e9ns <\/p>\n<p>Inicialmente, os quatro jovens foram feitos ref\u00e9ns. Ainda no primeiro dia, <strong>Lindemberg<\/strong> libertou <strong>Victor<\/strong> e <strong>Iago<\/strong>. No dia seguinte, liberou tamb\u00e9m <strong>Nayara<\/strong>. Contudo, em uma decis\u00e3o controversa durante as negocia\u00e7\u00f5es, a adolescente foi levada de volta ao cativeiro na manh\u00e3 de quinta-feira, com o objetivo de \u201cacalmar\u201d o sequestrador.<\/p>\n<p>Na sexta-feira, um promotor de Justi\u00e7a compareceu ao local com um documento que garantia que <strong>Lindemberg<\/strong> n\u00e3o seria ferido caso se rendesse \u2014 uma das exig\u00eancias feitas pelo rapaz, segundo seu advogado.<\/p>\n<p>  4- Amiga tamb\u00e9m foi baleada <\/p>\n<p>Na noite de sexta-feira, 17 de outubro, o <a href=\"https:\/\/pt.wikipedia.org\/wiki\/Grupo_de_A%C3%A7%C3%B5es_T%C3%A1ticas_Especiais_(PMESP)\" rel=\"nofollow noopener\" target=\"_blank\">Grupo de A\u00e7\u00f5es T\u00e1ticas Especiais<\/a> (GATE) decidiu invadir o apartamento, ap\u00f3s horas de impasse.<\/p>\n<p> Antes da entrada da pol\u00edcia, <strong>Lindemberg<\/strong> disparou contra as duas meninas: <strong>Nayara<\/strong> foi atingida, mas conseguiu sair andando; j\u00e1 <strong>Elo\u00e1<\/strong> levou dois tiros e foi retirada inconsciente do local. Ela foi levada \u00e0s pressas ao hospital, mas teve morte cerebral confirmada na noite de s\u00e1bado, 18 de outubro de 2008.<\/p>\n<p>\t  5- A pena de Lindemberg <\/p>\n<p><strong>Lindemberg Alve<\/strong>s foi condenado por 12 crimes, incluindo homic\u00eddio qualificado, <a href=\"https:\/\/aventurasnahistoria.com.br\/noticias\/almanaque\/25-anos-de-carcere-na-propria-casa-5-fatos-sobre-blanche-monnier.phtml\" rel=\"nofollow noopener\" target=\"_blank\">c\u00e1rcere privado<\/a> e disparo de arma de fogo. A senten\u00e7a inicial foi de 98 anos e 10 meses de pris\u00e3o, sendo posteriormente reduzida para 39 anos ap\u00f3s revis\u00f5es judiciais.<\/p>\n<p>De acordo com o portal Terra, a defesa de <strong>Lindemberg Alves<\/strong> afirma que ele tem se dedicado aos estudos e ao trabalho desde o momento em que foi preso. Segundo o advogado, o detento nunca faltou \u00e0s atividades disciplinares, o que lhe garantiu recentemente uma redu\u00e7\u00e3o de 109 dias na pena, conforme decis\u00e3o do juiz <strong>Jos\u00e9 Loureiro Sobrinho<\/strong>, da comarca de S\u00e3o Jos\u00e9 dos Campos. <\/p>\n<p>Al\u00e9m disso, <strong>Lindemberg<\/strong> comprovou sua atua\u00e7\u00e3o profissional dentro do pres\u00eddio e concluiu um curso de empreendedorismo promovido pelo Sebrae.<\/p>\n<p>Em nota, a advogada <strong>M\u00e1rcia Renata<\/strong> declarou que o cliente mant\u00e9m um \u201ccomportamento exemplar\u201d e continuar\u00e1 agindo dessa forma para obter novas redu\u00e7\u00f5es de pena, conforme prev\u00ea a Lei de Execu\u00e7\u00e3o Penal.<\/p>\n<p><strong>Lindemberg<\/strong> foi transferido para o regime semiaberto em 2021, mas teve o benef\u00edcio revogado. No ano seguinte, a progress\u00e3o foi oficializada pela Justi\u00e7a.<\/p>\n<p>        <a href=\"https:\/\/aventurasnahistoria.com.br\/noticias\/author\/giovanna-gomes\" rel=\"nofollow noopener\" target=\"_blank\">&#13;<br \/>\n          <img alt=\"Giovanna Gomes\" src=\"https:\/\/www.europesays.com\/pt\/wp-content\/uploads\/2025\/11\/33b368a526ac26c2f7de6462fce3004285811f04809ed05857f30d16a462d4c5\"  class=\"avatar avatar-115 photo rounded-circle mr-3\" height=\"115\" width=\"115\" loading=\"lazy\" decoding=\"async\"\/>        <\/a><\/p>\n<p>Giovanna Gomes \u00e9 jornalista e estudante de Hist\u00f3ria pela USP. Gosta de escrever sobre arte, arqueologia e tudo que diz repeito \u00e0 cultura e \u00e0 hist\u00f3ria do ser humano.<\/p>\n","protected":false},"excerpt":{"rendered":"A Netflix lan\u00e7ar\u00e1 no pr\u00f3ximo dia 12 o document\u00e1rio \u201cCaso Elo\u00e1 \u2013 Ref\u00e9m ao Vivo\u201c, que revisita um&hellip;\n","protected":false},"author":2,"featured_media":145948,"comment_status":"","ping_status":"","sticky":false,"template":"","format":"standard","meta":{"footnotes":""},"categories":[140],"tags":[31975,604,31976,114,115,147,148,31977,146,716,32,33,31978,798,3939],"class_list":{"0":"post-145947","1":"post","2":"type-post","3":"status-publish","4":"format-standard","5":"has-post-thumbnail","7":"category-filmes","8":"tag-caso-eloa","9":"tag-crime","10":"tag-eloa-cristina-pimentel","11":"tag-entertainment","12":"tag-entretenimento","13":"tag-film","14":"tag-filmes","15":"tag-lindemberg-alves","16":"tag-movies","17":"tag-netflix","18":"tag-portugal","19":"tag-pt","20":"tag-refem-ao-vivo","21":"tag-sequestro","22":"tag-serie"},"share_on_mastodon":{"url":"https:\/\/pubeurope.com\/@pt\/115522315782705090","error":""},"_links":{"self":[{"href":"https:\/\/www.europesays.com\/pt\/wp-json\/wp\/v2\/posts\/145947","targetHints":{"allow":["GET"]}}],"collection":[{"href":"https:\/\/www.europesays.com\/pt\/wp-json\/wp\/v2\/posts"}],"about":[{"href":"https:\/\/www.europesays.com\/pt\/wp-json\/wp\/v2\/types\/post"}],"author":[{"embeddable":true,"href":"https:\/\/www.europesays.com\/pt\/wp-json\/wp\/v2\/users\/2"}],"replies":[{"embeddable":true,"href":"https:\/\/www.europesays.com\/pt\/wp-json\/wp\/v2\/comments?post=145947"}],"version-history":[{"count":0,"href":"https:\/\/www.europesays.com\/pt\/wp-json\/wp\/v2\/posts\/145947\/revisions"}],"wp:featuredmedia":[{"embeddable":true,"href":"https:\/\/www.europesays.com\/pt\/wp-json\/wp\/v2\/media\/145948"}],"wp:attachment":[{"href":"https:\/\/www.europesays.com\/pt\/wp-json\/wp\/v2\/media?parent=145947"}],"wp:term":[{"taxonomy":"category","embeddable":true,"href":"https:\/\/www.europesays.com\/pt\/wp-json\/wp\/v2\/categories?post=145947"},{"taxonomy":"post_tag","embeddable":true,"href":"https:\/\/www.europesays.com\/pt\/wp-json\/wp\/v2\/tags?post=145947"}],"curies":[{"name":"wp","href":"https:\/\/api.w.org\/{rel}","templated":true}]}}