{"id":145962,"date":"2025-11-09T23:34:14","date_gmt":"2025-11-09T23:34:14","guid":{"rendered":"https:\/\/www.europesays.com\/pt\/145962\/"},"modified":"2025-11-09T23:34:14","modified_gmt":"2025-11-09T23:34:14","slug":"veja-quem-sao-os-eliminados-de-hoje-notas-videos-e-classificacao","status":"publish","type":"post","link":"https:\/\/www.europesays.com\/pt\/145962\/","title":{"rendered":"veja quem s\u00e3o os eliminados de hoje, notas, v\u00eddeos e classifica\u00e7\u00e3o"},"content":{"rendered":"<p>\n                        Manu Bahtid\u00e3o, Alvaro, Nicole Bahls, Silvero Pereira e Richarlyson disputam perman\u00eancia no quadro do &#8216;Doming\u00e3o Com Huck&#8217;\n                    <\/p>\n<p>\n                                                                                                                                                                                                                            9 nov<br \/>\n                                    2025<br \/>\n                                     &#8211; 19h05\n                                <\/p>\n<p>\n                                                                                                            (atualizado \u00e0s 20h21)\n                                                                    <\/p>\n<p class=\"text\"><b>Nicole Bahls<\/b> e <b>Allan Souza Lima<\/b> foram eliminados da <b>Dan\u00e7a dos Famosos <\/b>deste domingo, 9, no <b>Doming\u00e3o Com Huck<\/b>. Tamb\u00e9m se apresentaram <b>hoje<\/b> os participantes <b>Manu Bahtid\u00e3o, Alvaro, Silvero Pereira<\/b>,<b> Richarlyson, David J\u00fanior <\/b>e <a href=\"https:\/\/www.terra.com.br\/tudo-sobre\/wanessa-camargo\" target=\"_self\" rel=\"nofollow noopener\">Wanessa Camargo<\/a>. Confira v\u00eddeos, notas e classifica\u00e7\u00e3o abaixo.<\/p>\n<p class=\"text\">Ana Maria Braga foi a jurada convidada. Tamb\u00e9m chamou aten\u00e7\u00e3o uma homenagem a Carlinhos de Jesus, que voltou a dan\u00e7ar ap\u00f3s tratamento de doen\u00e7a autoimune.<\/p>\n<p>Classifica\u00e7\u00e3o e eliminados da &#8216;Dan\u00e7a dos Famosos&#8217; de hoje<\/p>\n<ul>\n<li>58.7 &#8211; Silvero Pereira e Tha\u00eds Sousa<\/li>\n<li>58.6 &#8211; Richarlyson e Monique Santos<\/li>\n<li>58.4 &#8211; David J\u00fanior e Jaque Paraense<\/li>\n<li>58.4 &#8211; \u00c1lvaro e Mariana Torres<\/li>\n<li>58.3 &#8211; Wanessa Camargo e Diego Bas\u00edlio<\/li>\n<li>58.1 &#8211; Manu Bahtid\u00e3o e Heron Leal<\/li>\n<li><b>57.8 &#8211; Nicole Bahls e Fernando Perrotti (eliminados)<\/b><\/li>\n<li><b>57.7 &#8211; Allan Souza Lima e Gabe Cardoso (eliminados)<\/b><\/li>\n<\/ul>\n<p>Notas e v\u00eddeos da &#8216;Dan\u00e7a dos Famosos&#8217; de hojeWanessa Camargo e Diego Bas\u00edlio<\/p>\n<blockquote class=\"twitter-tweet\" id=\"1987585471686324566?ref_src=twsrc%5Etfw\">\n<p class=\"text\" dir=\"ltr\" lang=\"pt\">Hoje o palco vai pegar fogo! \u00c9 dia de salsa na <a href=\"https:\/\/twitter.com\/hashtag\/Dan%C3%A7aDosFamosos?src=hash&amp;ref_src=twsrc%5Etfw\" target=\"_blank\" rel=\"nofollow noopener\">#Dan\u00e7aDosFamosos<\/a> Wanessa Camargo e Diego Bas\u00edlio arrasando no <a href=\"https:\/\/twitter.com\/hashtag\/Doming%C3%A3o?src=hash&amp;ref_src=twsrc%5Etfw\" target=\"_blank\" rel=\"nofollow noopener\">#Doming\u00e3o<\/a> <a href=\"https:\/\/t.co\/43vCkNUWfs\" target=\"_blank\" rel=\"nofollow\">pic.twitter.com\/43vCkNUWfs<\/a><\/p>\n<p>\u2014 TV Globo (@tvglobo) <a href=\"https:\/\/twitter.com\/tvglobo\/status\/1987585471686324566?ref_src=twsrc%5Etfw\" target=\"_blank\" rel=\"nofollow noopener\">November 9, 2025<\/a>\n<\/p><\/blockquote>\n<ul>\n<li>9.5 &#8211; Carlinhos de Jesus<\/li>\n<li>9.5 &#8211; Ana Botafogo<\/li>\n<li>9.6 &#8211; Zebrinha<\/li>\n<li>10 &#8211; Milton Cunha<\/li>\n<li>10 &#8211; Ana Maria Braga<\/li>\n<li>9.6 &#8211; Plateia<\/li>\n<\/ul>\n<p>Allan Souza Lima e Gabe Cardoso<\/p>\n<blockquote class=\"twitter-tweet\" id=\"1987586144075206677?ref_src=twsrc%5Etfw\">\n<p class=\"text\" dir=\"ltr\" lang=\"pt\">Allan Souza Lima e Gabe Cardoso contagiaram a plateia e o palco com essa salsa! Energia boa demais <a href=\"https:\/\/twitter.com\/hashtag\/Dan%C3%A7aDosFamosos?src=hash&amp;ref_src=twsrc%5Etfw\" target=\"_blank\" rel=\"nofollow noopener\">#Dan\u00e7aDosFamosos<\/a> <a href=\"https:\/\/twitter.com\/hashtag\/Doming%C3%A3o?src=hash&amp;ref_src=twsrc%5Etfw\" target=\"_blank\" rel=\"nofollow noopener\">#Doming\u00e3o<\/a> <a href=\"https:\/\/t.co\/J1g04XicGF\" target=\"_blank\" rel=\"nofollow\">pic.twitter.com\/J1g04XicGF<\/a><\/p>\n<p>\u2014 TV Globo (@tvglobo) <a href=\"https:\/\/twitter.com\/tvglobo\/status\/1987586144075206677?ref_src=twsrc%5Etfw\" target=\"_blank\" rel=\"nofollow noopener\">November 9, 2025<\/a>\n<\/p><\/blockquote>\n<ul>\n<li>9.5 &#8211; Carlinhos de Jesus<\/li>\n<li>9.5- Ana Botafogo<\/li>\n<li>9.5- Zebrinha<\/li>\n<li>9.9 &#8211; Milton Cunha<\/li>\n<li>10 &#8211; Ana Maria Braga<\/li>\n<li>9.3 &#8211; Plateia<\/li>\n<\/ul>\n<p>David J\u00fanior e Jaque Paraense<\/p>\n<blockquote class=\"twitter-tweet\" id=\"1987586462724817371?ref_src=twsrc%5Etfw\">\n<p class=\"text\" dir=\"ltr\" lang=\"pt\">Genteeee David J\u00fanior e a Jaque Paraense simplesmente ENTREGARAM TUDO nessa salsa! Que energiaaa <a href=\"https:\/\/twitter.com\/hashtag\/Dan%C3%A7aDosFamosos?src=hash&amp;ref_src=twsrc%5Etfw\" target=\"_blank\" rel=\"nofollow noopener\">#Dan\u00e7aDosFamosos<\/a> <a href=\"https:\/\/twitter.com\/hashtag\/Doming%C3%A3o?src=hash&amp;ref_src=twsrc%5Etfw\" target=\"_blank\" rel=\"nofollow noopener\">#Doming\u00e3o<\/a> <a href=\"https:\/\/t.co\/Sh577KRCIX\" target=\"_blank\" rel=\"nofollow\">pic.twitter.com\/Sh577KRCIX<\/a><\/p>\n<p>\u2014 TV Globo (@tvglobo) <a href=\"https:\/\/twitter.com\/tvglobo\/status\/1987586462724817371?ref_src=twsrc%5Etfw\" target=\"_blank\" rel=\"nofollow noopener\">November 9, 2025<\/a>\n<\/p><\/blockquote>\n<ul>\n<li>9.6 &#8211; Carlinhos de Jesus<\/li>\n<li>9.6 &#8211; Ana Botafogo<\/li>\n<li>9.6 &#8211; Zebrinha<\/li>\n<li>9.9 &#8211; Milton Cunha<\/li>\n<li>10 &#8211; Ana Maria Braga<\/li>\n<li>9.7 &#8211; Plateia<\/li>\n<\/ul>\n<p>Manu Bahtid\u00e3o e Heron Leal<\/p>\n<blockquote class=\"twitter-tweet\" id=\"1987631178896093426?ref_src=twsrc%5Etfw\">\n<p class=\"text\" dir=\"ltr\" lang=\"pt\">Que energia boa! Manu Bahtid\u00e3o e Heron Leal brilharam com a salsa que fez o palco ferver! <a href=\"https:\/\/twitter.com\/hashtag\/Dan%C3%A7aDosFamosos?src=hash&amp;ref_src=twsrc%5Etfw\" target=\"_blank\" rel=\"nofollow noopener\">#Dan\u00e7aDosFamosos<\/a> <a href=\"https:\/\/twitter.com\/hashtag\/Doming%C3%A3o?src=hash&amp;ref_src=twsrc%5Etfw\" target=\"_blank\" rel=\"nofollow noopener\">#Doming\u00e3o<\/a> <a href=\"https:\/\/t.co\/DzRm0y9zMb\" target=\"_blank\" rel=\"nofollow\">pic.twitter.com\/DzRm0y9zMb<\/a><\/p>\n<p>\u2014 TV Globo (@tvglobo) <a href=\"https:\/\/twitter.com\/tvglobo\/status\/1987631178896093426?ref_src=twsrc%5Etfw\" target=\"_blank\" rel=\"nofollow noopener\">November 9, 2025<\/a>\n<\/p><\/blockquote>\n<ul>\n<li>9.4 &#8211; Carlinhos de Jesus<\/li>\n<li>9.6 &#8211; Ana Botafogo<\/li>\n<li>9.5 &#8211; Zebrinha<\/li>\n<li>9.9 &#8211; Milton Cunha<\/li>\n<li>10 &#8211; Ana Maria Braga<\/li>\n<\/ul>\n<p>\u00c1lvaro e Mariana Torres<\/p>\n<blockquote class=\"twitter-tweet\" id=\"1987639830549807287?ref_src=twsrc%5Etfw\">\n<p class=\"text\" dir=\"ltr\" lang=\"pt\">Ana Maria Braga ficou encantada com o ritmo e a sintonia de \u00c1lvaro e Mariana Torres E o menino Sorriso garantiu nota 10! <a href=\"https:\/\/twitter.com\/hashtag\/Dan%C3%A7aDosFamosos?src=hash&amp;ref_src=twsrc%5Etfw\" target=\"_blank\" rel=\"nofollow noopener\">#Dan\u00e7aDosFamosos<\/a> <a href=\"https:\/\/twitter.com\/hashtag\/Doming%C3%A3o?src=hash&amp;ref_src=twsrc%5Etfw\" target=\"_blank\" rel=\"nofollow noopener\">#Doming\u00e3o<\/a> <a href=\"https:\/\/t.co\/Vz29mMPu86\" target=\"_blank\" rel=\"nofollow\">pic.twitter.com\/Vz29mMPu86<\/a><\/p>\n<p>\u2014 TV Globo (@tvglobo) <a href=\"https:\/\/twitter.com\/tvglobo\/status\/1987639830549807287?ref_src=twsrc%5Etfw\" target=\"_blank\" rel=\"nofollow noopener\">November 9, 2025<\/a>\n<\/p><\/blockquote>\n<ul>\n<li>9.5 &#8211; Carlinhos de Jesus<\/li>\n<li>9.5 &#8211; Ana Botafogo<\/li>\n<li>9.5 &#8211; Zebrinha<\/li>\n<li>10 &#8211; Milton Cunha<\/li>\n<li>10 &#8211; Ana Maria Braga <\/li>\n<\/ul>\n<p>Nicole Bahls e Fernando Perrotti<\/p>\n<blockquote class=\"twitter-tweet\" id=\"1987641504941158454?ref_src=twsrc%5Etfw\">\n<p class=\"text\" dir=\"ltr\" lang=\"pt\">Salsa com carisma a gente tem! Nicole Bahls e Fernando Perrotti entregaram aquela energia e um show de presen\u00e7a na <a href=\"https:\/\/twitter.com\/hashtag\/Dan%C3%A7aDosFamosos?src=hash&amp;ref_src=twsrc%5Etfw\" target=\"_blank\" rel=\"nofollow noopener\">#Dan\u00e7aDosFamosos<\/a> <a href=\"https:\/\/twitter.com\/hashtag\/Doming%C3%A3o?src=hash&amp;ref_src=twsrc%5Etfw\" target=\"_blank\" rel=\"nofollow noopener\">#Doming\u00e3o<\/a> <a href=\"https:\/\/t.co\/YBCjgT0NTj\" target=\"_blank\" rel=\"nofollow\">pic.twitter.com\/YBCjgT0NTj<\/a><\/p>\n<p>\u2014 TV Globo (@tvglobo) <a href=\"https:\/\/twitter.com\/tvglobo\/status\/1987641504941158454?ref_src=twsrc%5Etfw\" target=\"_blank\" rel=\"nofollow noopener\">November 9, 2025<\/a>\n<\/p><\/blockquote>\n<ul>\n<li>9.4 &#8211; Carlinhos de Jesus<\/li>\n<li>9.4 &#8211; Ana Botafogo<\/li>\n<li>9.4 &#8211; Zebrinha<\/li>\n<li>9.9 &#8211; Milton Cunha<\/li>\n<li>10 &#8211; Ana Maria Braga<\/li>\n<\/ul>\n<p>Silvero Pereira e Tha\u00eds Sousa<\/p>\n<blockquote class=\"twitter-tweet\" id=\"1987647344922251415?ref_src=twsrc%5Etfw\">\n<p class=\"text\" dir=\"ltr\" lang=\"pt\">Gente, que salsa foi essa? Silvero Pereira e Thais Sousa simplesmente arrasaram! <a href=\"https:\/\/twitter.com\/hashtag\/Dan%C3%A7aDosFamosos?src=hash&amp;ref_src=twsrc%5Etfw\" target=\"_blank\" rel=\"nofollow noopener\">#Dan\u00e7aDosFamosos<\/a> <a href=\"https:\/\/twitter.com\/hashtag\/Doming%C3%A3o?src=hash&amp;ref_src=twsrc%5Etfw\" target=\"_blank\" rel=\"nofollow noopener\">#Doming\u00e3o<\/a> <a href=\"https:\/\/t.co\/Sy5evJQRn3\" target=\"_blank\" rel=\"nofollow\">pic.twitter.com\/Sy5evJQRn3<\/a><\/p>\n<p>\u2014 TV Globo (@tvglobo) <a href=\"https:\/\/twitter.com\/tvglobo\/status\/1987647344922251415?ref_src=twsrc%5Etfw\" target=\"_blank\" rel=\"nofollow noopener\">November 9, 2025<\/a>\n<\/p><\/blockquote>\n<ul>\n<li>9.7 &#8211; Carlinhos de Jesus<\/li>\n<li>9.7 &#8211; Ana Botafogo<\/li>\n<li>9.7 &#8211; Zebrinha<\/li>\n<li>9.9 &#8211; Milton Cunha<\/li>\n<li>10 &#8211; Ana Maria Braga<\/li>\n<\/ul>\n<p>Richarlyson e Monique Santos<\/p>\n<blockquote class=\"twitter-tweet\" id=\"1987650571981979837?ref_src=twsrc%5Etfw\">\n<p class=\"text\" dir=\"ltr\" lang=\"pt\">UAAAUU! Richarlyson e Monique Santos com essa salsa cheia de atitude! Ritmo, entrega e muito gingado! <a href=\"https:\/\/twitter.com\/hashtag\/Dan%C3%A7aDosFamosos?src=hash&amp;ref_src=twsrc%5Etfw\" target=\"_blank\" rel=\"nofollow noopener\">#Dan\u00e7aDosFamosos<\/a> <a href=\"https:\/\/twitter.com\/hashtag\/Doming%C3%A3o?src=hash&amp;ref_src=twsrc%5Etfw\" target=\"_blank\" rel=\"nofollow noopener\">#Doming\u00e3o<\/a> <a href=\"https:\/\/t.co\/K6NFfT0yQF\" target=\"_blank\" rel=\"nofollow\">pic.twitter.com\/K6NFfT0yQF<\/a><\/p>\n<p>\u2014 TV Globo (@tvglobo) <a href=\"https:\/\/twitter.com\/tvglobo\/status\/1987650571981979837?ref_src=twsrc%5Etfw\" target=\"_blank\" rel=\"nofollow noopener\">November 9, 2025<\/a>\n<\/p><\/blockquote>\n<ul>\n<li>9.7 &#8211; Carlinhos de Jesus<\/li>\n<li>9.7 &#8211; Ana Botafogo<\/li>\n<li>9.6 &#8211; Zebrinha<\/li>\n<li>9.9 &#8211; Milton Cunha<\/li>\n<li>10 &#8211; Ana Maria Braga<\/li>\n<\/ul>\n<p>Os eliminados da &#8216;Dan\u00e7a dos Famosos&#8217;<\/p>\n<p class=\"text\">At\u00e9 o momento, 10 dos participantes originais j\u00e1 deixaram a competi\u00e7\u00e3o no Doming\u00e3o Com Huck. Relembre:<\/p>\n<ul>\n<li>Nicole Bahls (09\/11)<\/li>\n<li>Allan Souza Lima (09\/11)<\/li>\n<\/ul>\n<p>                            <script async src=\"https:\/\/platform.twitter.com\/widgets.js\" charset=\"utf-8\"><\/script><\/p>\n","protected":false},"excerpt":{"rendered":"Manu Bahtid\u00e3o, Alvaro, Nicole Bahls, Silvero Pereira e Richarlyson disputam perman\u00eancia no quadro do &#8216;Doming\u00e3o Com Huck&#8217; 9&hellip;\n","protected":false},"author":2,"featured_media":89585,"comment_status":"","ping_status":"","sticky":false,"template":"","format":"standard","meta":{"footnotes":""},"categories":[142],"tags":[4572,5922,114,115,32,33,151],"class_list":{"0":"post-145962","1":"post","2":"type-post","3":"status-publish","4":"format-standard","5":"has-post-thumbnail","7":"category-tv","8":"tag-danca-dos-famosos","9":"tag-domingao-com-huck","10":"tag-entertainment","11":"tag-entretenimento","12":"tag-portugal","13":"tag-pt","14":"tag-tv"},"share_on_mastodon":{"url":"https:\/\/pubeurope.com\/@pt\/115522362628223825","error":""},"_links":{"self":[{"href":"https:\/\/www.europesays.com\/pt\/wp-json\/wp\/v2\/posts\/145962","targetHints":{"allow":["GET"]}}],"collection":[{"href":"https:\/\/www.europesays.com\/pt\/wp-json\/wp\/v2\/posts"}],"about":[{"href":"https:\/\/www.europesays.com\/pt\/wp-json\/wp\/v2\/types\/post"}],"author":[{"embeddable":true,"href":"https:\/\/www.europesays.com\/pt\/wp-json\/wp\/v2\/users\/2"}],"replies":[{"embeddable":true,"href":"https:\/\/www.europesays.com\/pt\/wp-json\/wp\/v2\/comments?post=145962"}],"version-history":[{"count":0,"href":"https:\/\/www.europesays.com\/pt\/wp-json\/wp\/v2\/posts\/145962\/revisions"}],"wp:featuredmedia":[{"embeddable":true,"href":"https:\/\/www.europesays.com\/pt\/wp-json\/wp\/v2\/media\/89585"}],"wp:attachment":[{"href":"https:\/\/www.europesays.com\/pt\/wp-json\/wp\/v2\/media?parent=145962"}],"wp:term":[{"taxonomy":"category","embeddable":true,"href":"https:\/\/www.europesays.com\/pt\/wp-json\/wp\/v2\/categories?post=145962"},{"taxonomy":"post_tag","embeddable":true,"href":"https:\/\/www.europesays.com\/pt\/wp-json\/wp\/v2\/tags?post=145962"}],"curies":[{"name":"wp","href":"https:\/\/api.w.org\/{rel}","templated":true}]}}