{"id":14598,"date":"2025-08-03T19:20:08","date_gmt":"2025-08-03T19:20:08","guid":{"rendered":"https:\/\/www.europesays.com\/pt\/14598\/"},"modified":"2025-08-03T19:20:08","modified_gmt":"2025-08-03T19:20:08","slug":"morre-dona-jacira-mae-de-emicida-e-fioti-aos-60-anos","status":"publish","type":"post","link":"https:\/\/www.europesays.com\/pt\/14598\/","title":{"rendered":"Morre Dona Jacira, m\u00e3e de Emicida e Fi\u00f3ti, aos 60 anos"},"content":{"rendered":"<p><strong>Dona Jacira<\/strong>, m\u00e3e dos rappers <strong>Emicida<\/strong> e <strong>Evandro Fi\u00f3ti<\/strong>, morreu nesta segunda-feira (28), aos 60 anos. Ela estava internada em um hospital da capital paulista. A informa\u00e7\u00e3o foi confirmada ao portal Uol pelo pr\u00f3prio Fi\u00f3ti.<\/p>\n<p>Apesar da causa da morte n\u00e3o ter sido informada, <strong>Dona Jacira convivia com o diagn\u00f3stico de l\u00fapus e fazia hemodi\u00e1lise h\u00e1 mais de 25 anos<\/strong>.<\/p>\n<p>Al\u00e9m dos rappers, Jaciara tamb\u00e9m deixa as filhas Katia e de Katiane.<\/p>\n<p>Nascida em S\u00e3o Paulo, Jacira ficou ainda mais conhecida por ter sua autobiografia Caf\u00e9, lan\u00e7ada em 2018. Ela tamb\u00e9m foi respons\u00e1vel por lan\u00e7ar uma cole\u00e7\u00e3o de bonecas feitas a partir de retalhos descartados. Em 2022, ela foi destaque de um document\u00e1rio do GNT que falava sobre legado.<\/p>\n<p><strong>Briga de fam\u00edlia<\/strong><\/p>\n<p>Em abril deste ano, dona Jacira acabou virando destaque na m\u00eddia ap\u00f3s falar abertamente sobre a briga dos filhos, Emicida e Fi\u00f3ti, que acabaram finalizando a parceria empresarial e art\u00edstica na Laborat\u00f3rio Fantasma. O caso segue correndo na justi\u00e7a.<\/p>\n<p>Na ocasi\u00e3o, ela saiu em defesa de Fi\u00f3ti, que estava sendo acusado de uma irregularidade nas contas da empresa, da qual era s\u00f3cio com o irm\u00e3o.<\/p>\n<p>\u201cAs hienas nos rondam, querem nossa queda. Mas n\u00e3o conseguir\u00e3o. Fi\u00f3ti, sua dor \u00e9 nossa dor. Quando a injusti\u00e7a se instala, com todo respeito ao jur\u00eddico, as media\u00e7\u00f5es de conflitos e estrat\u00e9gias para restabelecer a ordem \u00e9 muito importante. <strong>Por\u00e9m eu, Dona Jacira, digo que a maldi\u00e7\u00e3o lan\u00e7ada em forma de cal\u00fania deve ser retirada. Pela boca que a lan\u00e7ou. Antes que seja tarde<\/strong>\u201c, escreveu, na \u00e9poca.<\/p>\n","protected":false},"excerpt":{"rendered":"Dona Jacira, m\u00e3e dos rappers Emicida e Evandro Fi\u00f3ti, morreu nesta segunda-feira (28), aos 60 anos. Ela estava&hellip;\n","protected":false},"author":2,"featured_media":14599,"comment_status":"","ping_status":"","sticky":false,"template":"","format":"standard","meta":{"footnotes":""},"categories":[141],"tags":[114,115,149,150,32,33],"class_list":{"0":"post-14598","1":"post","2":"type-post","3":"status-publish","4":"format-standard","5":"has-post-thumbnail","7":"category-musica","8":"tag-entertainment","9":"tag-entretenimento","10":"tag-music","11":"tag-musica","12":"tag-portugal","13":"tag-pt"},"share_on_mastodon":{"url":"","error":""},"_links":{"self":[{"href":"https:\/\/www.europesays.com\/pt\/wp-json\/wp\/v2\/posts\/14598","targetHints":{"allow":["GET"]}}],"collection":[{"href":"https:\/\/www.europesays.com\/pt\/wp-json\/wp\/v2\/posts"}],"about":[{"href":"https:\/\/www.europesays.com\/pt\/wp-json\/wp\/v2\/types\/post"}],"author":[{"embeddable":true,"href":"https:\/\/www.europesays.com\/pt\/wp-json\/wp\/v2\/users\/2"}],"replies":[{"embeddable":true,"href":"https:\/\/www.europesays.com\/pt\/wp-json\/wp\/v2\/comments?post=14598"}],"version-history":[{"count":0,"href":"https:\/\/www.europesays.com\/pt\/wp-json\/wp\/v2\/posts\/14598\/revisions"}],"wp:featuredmedia":[{"embeddable":true,"href":"https:\/\/www.europesays.com\/pt\/wp-json\/wp\/v2\/media\/14599"}],"wp:attachment":[{"href":"https:\/\/www.europesays.com\/pt\/wp-json\/wp\/v2\/media?parent=14598"}],"wp:term":[{"taxonomy":"category","embeddable":true,"href":"https:\/\/www.europesays.com\/pt\/wp-json\/wp\/v2\/categories?post=14598"},{"taxonomy":"post_tag","embeddable":true,"href":"https:\/\/www.europesays.com\/pt\/wp-json\/wp\/v2\/tags?post=14598"}],"curies":[{"name":"wp","href":"https:\/\/api.w.org\/{rel}","templated":true}]}}