{"id":145981,"date":"2025-11-09T23:52:12","date_gmt":"2025-11-09T23:52:12","guid":{"rendered":"https:\/\/www.europesays.com\/pt\/145981\/"},"modified":"2025-11-09T23:52:12","modified_gmt":"2025-11-09T23:52:12","slug":"antibiotico-comum-contra-acne-pode-reduzir-o-risco-de-esquizofrenia-em-adolescentes","status":"publish","type":"post","link":"https:\/\/www.europesays.com\/pt\/145981\/","title":{"rendered":"Antibi\u00f3tico comum contra acne pode reduzir o risco de esquizofrenia em adolescentes"},"content":{"rendered":"<p class=\"wp-caption-text top\">ZAP \/\/ Envato Elements<\/p>\n<p><img decoding=\"async\" loading=\"lazy\" class=\"size-kopa-image-size-3 wp-image-488866\" src=\"https:\/\/www.europesays.com\/pt\/wp-content\/uploads\/2025\/11\/bfbc13e7dc4a967c20795f44c8335bae-1500x843-e1704392272602-783x450.jpg\" alt=\"\" width=\"700\" height=\"402\"\/><\/p>\n<p><strong>Segundo os resultados de um novo estudo, a doxiciclina, um antibi\u00f3tico vulgarmente prescrito no tratamento de acne, pode diminuir o risco de esquizofrenia em adolescentes, sugerindo potencial para reafecta\u00e7\u00e3o de antibi\u00f3ticos na preven\u00e7\u00e3o de doen\u00e7as mentais.<\/strong><\/p>\n<p>Um antibi\u00f3tico amplamente utilizado poder\u00e1 ajudar a reduzir as probabilidades de alguns jovens desenvolverem esquizofrenia, de acordo com um novo <a href=\"https:\/\/psychiatryonline.org\/doi\/10.1176\/appi.ajp.20240958\" data-wpel-link=\"external\" target=\"_blank\" rel=\"nofollow external noopener noreferrer\" class=\"ext-link\">estudo<\/a>, publicado na quarta-feira na American Journal of Psychiatry.<\/p>\n<p>Os cientistas descobriram que os adolescentes a receber cuidados de sa\u00fade mental a quem foi prescrita a <strong>doxiciclina<\/strong> tinham uma probabilidade significativamente menor de desenvolver esquizofrenia mais tarde na vida do que aqueles tratados com outros antibi\u00f3ticos.<\/p>\n<p>A doxiciclina, um <strong>antibi\u00f3tico da classe das tetraciclinas<\/strong>, \u00e9 amplamente prescrita para infec\u00e7\u00f5es bacterianas, incluindo doen\u00e7as respirat\u00f3rias e cut\u00e2neas, doen\u00e7as sexualmente transmiss\u00edveis e certas formas de acne.<\/p>\n<p>Os especialistas acreditam que os resultados sugerem uma potencial nova utiliza\u00e7\u00e3o para um medicamento <strong>existente e amplamente dispon\u00edvel<\/strong> como tratamento preventivo para <strong>doen\u00e7as mentais graves<\/strong>.<\/p>\n<p>Um outro estudo, publicado em dezembro de 2024, concluiu tamb\u00e9m que a doxiciclina pode <a href=\"https:\/\/zap.aeiou.pt\/um-antibiotico-efeito-positivo-na-aprendizagem-651058\" data-wpel-link=\"internal\" rel=\"nofollow noopener\" target=\"_blank\">melhorar a aprendizagem<\/a> em jovens adultos.<\/p>\n<p>Compreender a esquizofrenia e o seu in\u00edcio precoce<\/p>\n<p>A esquizofrenia \u00e9 uma <strong>perturba\u00e7\u00e3o mental grave<\/strong> que normalmente tem in\u00edcio no in\u00edcio da idade adulta e \u00e9 frequentemente caracterizada por <strong>alucina\u00e7\u00f5es, del\u00edrios<\/strong> e pensamento desorganizado.<\/p>\n<p>Encontrar formas de reduzir o risco de desenvolver esta condi\u00e7\u00e3o tem sido h\u00e1 muito um <strong>grande desafio para os investigadores<\/strong> da sa\u00fade mental.<\/p>\n<p>Para explorar poss\u00edveis estrat\u00e9gias de preven\u00e7\u00e3o, uma equipa de cientistas da Universidade de Edimburgo, em colabora\u00e7\u00e3o com colegas da Universidade de Oulu e do University College Dublin, analisaram <strong>dados de cuidados de sa\u00fade<\/strong> da Finl\u00e2ndia utilizando modelos estat\u00edsticos avan\u00e7ados.<\/p>\n<p>O estudo examinou registos de sa\u00fade de mais de 56.000 adolescentes que tinham recebido antibi\u00f3ticos <strong>enquanto frequentavam servi\u00e7os de sa\u00fade mental<\/strong>.<\/p>\n<p>Os pacientes tratados com doxiciclina apresentaram um <strong>risco 30 a 35% inferior<\/strong> de posteriormente desenvolverem esquizofrenia em compara\u00e7\u00e3o com os que receberam outros tipos de antibi\u00f3ticos.<\/p>\n<p>A equipa de investiga\u00e7\u00e3o acredita que este e<strong>feito protetor<\/strong> poder\u00e1 estar relacionado com o<strong> impacto da doxiciclina na inflama\u00e7\u00e3o<\/strong> e no desenvolvimento cerebral.<\/p>\n<p>Como a doxiciclina poder\u00e1 proteger o c\u00e9rebro<\/p>\n<p>Estudos anteriores descobriram que a doxiciclina pode<strong> reduzir a inflama\u00e7\u00e3o<\/strong> nas c\u00e9lulas cerebrais e afetar a <strong>poda sin\u00e1ptica<\/strong>, um processo de desenvolvimento normal no qual o c\u00e9rebro <strong>elimina e fortalece as conex\u00f5es neuronais<\/strong>. Uma poda excessiva tem sido associada ao aparecimento da esquizofrenia.<\/p>\n<p>Uma an\u00e1lise posterior confirmou que o risco reduzido n\u00e3o se devia simplesmente ao facto de os participantes estarem a ser tratados para acne em vez de infe\u00e7\u00f5es, e era <strong>improv\u00e1vel que resultasse de outras diferen\u00e7as<\/strong> n\u00e3o detetadas entre os grupos.<\/p>\n<p>\u201cCerca de metade das pessoas com esquizofrenia cujos dados analis\u00e1mos tinham frequentado previamente servi\u00e7os de sa\u00fade mental para crian\u00e7as e adolescentes <strong>devido a outros problemas de sa\u00fade mental<\/strong>\u201c, explica <strong>Ian Kelleher<\/strong>, professor de Psiquiatria da Inf\u00e2ncia e da Adolesc\u00eancia na Universidade de Edimburgo e autor principal do estudo, citado pelo <a href=\"https:\/\/www.sciencedaily.com\/releases\/2025\/11\/251106213552.htm\" data-wpel-link=\"external\" target=\"_blank\" rel=\"nofollow external noopener noreferrer\" class=\"ext-link\">Science Daily<\/a>.<\/p>\n<p>\u201cPresentemente, por\u00e9m, <strong>n\u00e3o dispomos de quaisquer interven\u00e7\u00f5es<\/strong> que se saiba reduzirem o risco de vir a desenvolver esquizofrenia nestes jovens. Isso torna estas <strong>descobertas entusiasmantes<\/strong>\u201c, acrescenta.<\/p>\n<p>\u201cDado que <strong>o estudo foi de natureza observacional<\/strong> e n\u00e3o um ensaio cl\u00ednico controlado e aleatorizado, significa que n\u00e3o podemos tirar conclus\u00f5es definitivas sobre <strong>causalidade<\/strong>\u201c, nota Kelleher.<\/p>\n<p>\u201cMas este \u00e9 um sinal importante para investigar mais aprofundadamente o efeito protetor da doxiciclina e de outros tratamentos anti-inflamat\u00f3rios em doentes de psiquiatria adolescente como forma de <strong>potencialmente reduzir o risco<\/strong> de desenvolver doen\u00e7a mental grave na idade adulta\u201d, conclui.<\/p>\n<p>    <a href=\"https:\/\/zap.aeiou.pt\/subscrever-newsletter\" data-wpel-link=\"internal\" rel=\"nofollow noopener\" target=\"_blank\">&#13;<br \/>\n        <img loading=\"lazy\" decoding=\"async\" class=\"aligncenter size-full wp-image-575475\" src=\"https:\/\/www.europesays.com\/pt\/wp-content\/uploads\/2025\/11\/2d51fe4a0ba54894421ead1809309ed9-1-450x140.jpg\" alt=\"Subscreva a Newsletter ZAP\" width=\"450\" height=\"140\"\/>&#13;<br \/>\n    <\/a><\/p>\n<p>                <a href=\"https:\/\/whatsapp.com\/channel\/0029VaIC4EE2f3EJZPPSbR34\" data-wpel-link=\"external\" target=\"_blank\" rel=\"nofollow external noopener noreferrer\" class=\"ext-link\">&#13;<br \/>\n                    <img loading=\"lazy\" decoding=\"async\" class=\"aligncenter size-full wp-image-575475\" src=\"https:\/\/www.europesays.com\/pt\/wp-content\/uploads\/2025\/11\/c68c559d956d4ca20f435ed74a6e71e6.png\" alt=\"Siga-nos no WhatsApp\" width=\"175\" height=\"64\"\/>&#13;<br \/>\n                <\/a><\/p>\n<p>                <a href=\"https:\/\/news.google.com\/publications\/CAAiEHRwZondIV71PDjWNoqMduEqFAgKIhB0cGaJ3SFe9Tw41jaKjHbh?hl=en-US&amp;gl=US&amp;ceid=US%3Aen\" data-wpel-link=\"external\" target=\"_blank\" rel=\"nofollow external noopener noreferrer\" class=\"ext-link\">&#13;<br \/>\n                    <img loading=\"lazy\" decoding=\"async\" class=\"aligncenter size-full wp-image-575475\" src=\"https:\/\/www.europesays.com\/pt\/wp-content\/uploads\/2025\/11\/5123dd8b087b644fdb8f8603acd1bad4.png\" alt=\"Siga-nos no Google News\" width=\"176\" height=\"64\"\/>&#13;<br \/>\n                <\/a><\/p>\n","protected":false},"excerpt":{"rendered":"ZAP \/\/ Envato Elements Segundo os resultados de um novo estudo, a doxiciclina, um antibi\u00f3tico vulgarmente prescrito no&hellip;\n","protected":false},"author":2,"featured_media":145982,"comment_status":"","ping_status":"","sticky":false,"template":"","format":"standard","meta":{"footnotes":""},"categories":[86],"tags":[10045,269,13178,116,32,9825,33,117,1030],"class_list":{"0":"post-145981","1":"post","2":"type-post","3":"status-publish","4":"format-standard","5":"has-post-thumbnail","7":"category-saude","8":"tag-antibioticos","9":"tag-capa","10":"tag-esquizofrenia","11":"tag-health","12":"tag-portugal","13":"tag-psiquiatria","14":"tag-pt","15":"tag-saude","16":"tag-saude-mental"},"share_on_mastodon":{"url":"https:\/\/pubeurope.com\/@pt\/115522433600574592","error":""},"_links":{"self":[{"href":"https:\/\/www.europesays.com\/pt\/wp-json\/wp\/v2\/posts\/145981","targetHints":{"allow":["GET"]}}],"collection":[{"href":"https:\/\/www.europesays.com\/pt\/wp-json\/wp\/v2\/posts"}],"about":[{"href":"https:\/\/www.europesays.com\/pt\/wp-json\/wp\/v2\/types\/post"}],"author":[{"embeddable":true,"href":"https:\/\/www.europesays.com\/pt\/wp-json\/wp\/v2\/users\/2"}],"replies":[{"embeddable":true,"href":"https:\/\/www.europesays.com\/pt\/wp-json\/wp\/v2\/comments?post=145981"}],"version-history":[{"count":0,"href":"https:\/\/www.europesays.com\/pt\/wp-json\/wp\/v2\/posts\/145981\/revisions"}],"wp:featuredmedia":[{"embeddable":true,"href":"https:\/\/www.europesays.com\/pt\/wp-json\/wp\/v2\/media\/145982"}],"wp:attachment":[{"href":"https:\/\/www.europesays.com\/pt\/wp-json\/wp\/v2\/media?parent=145981"}],"wp:term":[{"taxonomy":"category","embeddable":true,"href":"https:\/\/www.europesays.com\/pt\/wp-json\/wp\/v2\/categories?post=145981"},{"taxonomy":"post_tag","embeddable":true,"href":"https:\/\/www.europesays.com\/pt\/wp-json\/wp\/v2\/tags?post=145981"}],"curies":[{"name":"wp","href":"https:\/\/api.w.org\/{rel}","templated":true}]}}