{"id":145991,"date":"2025-11-10T00:05:17","date_gmt":"2025-11-10T00:05:17","guid":{"rendered":"https:\/\/www.europesays.com\/pt\/145991\/"},"modified":"2025-11-10T00:05:17","modified_gmt":"2025-11-10T00:05:17","slug":"tom-cruise-celebra-glen-powell-em-o-sobrevivente-voces-arrasaram","status":"publish","type":"post","link":"https:\/\/www.europesays.com\/pt\/145991\/","title":{"rendered":"Tom Cruise celebra Glen Powell em &#8216;O Sobrevivente&#8217;: &#8220;Voc\u00eas arrasaram!&#8221;"},"content":{"rendered":"<p>O astro<strong> Tom Cruise<\/strong>, conhecido por sucessos como<strong> \u2018Miss\u00e3o Imposs\u00edvel\u2019<\/strong> e<strong> \u2018Top Gun\u2019<\/strong>, usou as redes sociais para compartilhar suas impress\u00f5es sobre <strong>\u2018O Sobrevivente\u2019<\/strong>, rasgando elogios \u00e0 nova obra de<strong> Stephen King<\/strong>, estrelada por <strong>Glen Powell<\/strong>.<\/p>\n<p>\u201cMais uma noite incr\u00edvel com meus amigos no cinema! Voc\u00eas arrasaram, parab\u00e9ns! Ri, fiquei na ponta da cadeira e comi pipoca demais\u201d, comentou <strong>Tom Cruise<\/strong>, elogiando tamb\u00e9m o trabalho de seu colega de<strong> \u2018Top Gun: Maverick\u2019.<\/strong><\/p>\n<blockquote class=\"twitter-tweet\">\n<p dir=\"ltr\" lang=\"en\">Another great night out with my friends at the movies! You guys crushed it, congratulations! I laughed, was on the edge of my seat, and ate way too much popcorn. <a href=\"https:\/\/t.co\/bNZEP1xUk8\" rel=\"nofollow\">pic.twitter.com\/bNZEP1xUk8<\/a><\/p>\n<p>\u2014 Tom Cruise (@TomCruise) <a href=\"https:\/\/twitter.com\/TomCruise\/status\/1986463781116133518?ref_src=twsrc%5Etfw\" rel=\"nofollow noopener\" target=\"_blank\">November 6, 2025<\/a><\/p>\n<\/blockquote>\n<p><strong>\u2018O Sobrevivente\u2019 (The Running Man) tem estreia prevista nos cinemas nacionais em 20 de novembro.<\/strong><\/p>\n<p><a href=\"https:\/\/cinepop.com.br\/o-sobrevivente-glen-powell-revela-que-precisou-da-aprovacao-de-stephen-king-para-protagonizar-o-filme-699335\/\" rel=\"nofollow noopener\" target=\"_blank\">\u2018O Sobrevivente\u2019: Glen Powell revela que precisou da aprova\u00e7\u00e3o de Stephen King para protagonizar o filme<\/a><\/p>\n<p>Confira, junto ao trailer, e siga o <a href=\"https:\/\/www.youtube.com\/cinepop?sub_confirmation=1\" target=\"_blank\" rel=\"noopener nofollow\"><strong>CinePOP no Youtube<\/strong><\/a>:<\/p>\n<blockquote class=\"twitter-tweet\">\n<p dir=\"ltr\" lang=\"en\">The game is rigged and no one has ever survived. Can he? Get your tickets now for The <a href=\"https:\/\/twitter.com\/hashtag\/RunningManMovie?src=hash&amp;ref_src=twsrc%5Etfw\" rel=\"nofollow noopener\" target=\"_blank\">#RunningManMovie<\/a> \u2013 Only in theatres November 14. <a href=\"https:\/\/t.co\/FvzaHGePLY\" rel=\"nofollow\">https:\/\/t.co\/FvzaHGePLY<\/a> <a href=\"https:\/\/t.co\/GeApKEMtkv\" rel=\"nofollow\">pic.twitter.com\/GeApKEMtkv<\/a><\/p>\n<p>\u2014 The Running Man Movie (@RunningManMovie) <a href=\"https:\/\/twitter.com\/RunningManMovie\/status\/1984666953185914885?ref_src=twsrc%5Etfw\" rel=\"nofollow noopener\" target=\"_blank\">November 1, 2025<\/a><\/p>\n<\/blockquote>\n<p>A trama \u00e9 ambientada em uma Am\u00e9rica dist\u00f3pica em 2025 e gira em torno de Ben Richards, um homem desesperado que participa de um reality show violento chamado O Sobrevivente, para ganhar dinheiro e salvar sua filha gravemente doente.<\/p>\n<p>A dire\u00e7\u00e3o fica a cargo de <strong>Edgar Wright <\/strong>(\u2018Baby Driver \u2013 Em Ritmo de Fuga\u2019), que escreveu o roteiro em parceria com <strong>Michael Bacall<\/strong>, seu colaborador em \u2018<strong>Scott Pilgrim Contra o Mundo<\/strong>\u2018.<\/p>\n<p>O elenco ainda conta com <strong>Josh Brolin<\/strong>, <strong>Karl Glusman<\/strong>, <strong>Katy O\u2019Brian<\/strong>, <strong>Colman Domingo<\/strong>, <strong>William H. Macy<\/strong>, <strong>Daniel Ezra<\/strong>, <strong>Lee Pace<\/strong>, <strong>Jayme Lawson<\/strong>, <strong>Michael Cera<\/strong> e <strong>Emilia Jones<\/strong>.<\/p>\n<p><script async src=\"https:\/\/platform.twitter.com\/widgets.js\" charset=\"utf-8\"><\/script><\/p>\n","protected":false},"excerpt":{"rendered":"O astro Tom Cruise, conhecido por sucessos como \u2018Miss\u00e3o Imposs\u00edvel\u2019 e \u2018Top Gun\u2019, usou as redes sociais para&hellip;\n","protected":false},"author":2,"featured_media":145992,"comment_status":"","ping_status":"","sticky":false,"template":"","format":"standard","meta":{"footnotes":""},"categories":[140],"tags":[17291,17292,17293,17294,16254,114,115,147,148,13090,17295,17296,17297,17298,17299,17300,17301,146,17302,17303,15006,32,33,17304,17305],"class_list":{"0":"post-145991","1":"post","2":"type-post","3":"status-publish","4":"format-standard","5":"has-post-thumbnail","7":"category-filmes","8":"tag-arnold-schwarzeneggar","9":"tag-colman-domingo","10":"tag-daniel-ezra","11":"tag-edgar-wright","12":"tag-emilia-jones","13":"tag-entertainment","14":"tag-entretenimento","15":"tag-film","16":"tag-filmes","17":"tag-glen-powell","18":"tag-jayme-lawson","19":"tag-josh-brolin","20":"tag-karl-glusman","21":"tag-katy-obrian","22":"tag-lee-pace","23":"tag-michael-bacall","24":"tag-michael-cera","25":"tag-movies","26":"tag-o-concorrente","27":"tag-o-sobrevivente","28":"tag-paramount-pictures","29":"tag-portugal","30":"tag-pt","31":"tag-the-running-man","32":"tag-william-h-macy"},"share_on_mastodon":{"url":"https:\/\/pubeurope.com\/@pt\/115522484726915436","error":""},"_links":{"self":[{"href":"https:\/\/www.europesays.com\/pt\/wp-json\/wp\/v2\/posts\/145991","targetHints":{"allow":["GET"]}}],"collection":[{"href":"https:\/\/www.europesays.com\/pt\/wp-json\/wp\/v2\/posts"}],"about":[{"href":"https:\/\/www.europesays.com\/pt\/wp-json\/wp\/v2\/types\/post"}],"author":[{"embeddable":true,"href":"https:\/\/www.europesays.com\/pt\/wp-json\/wp\/v2\/users\/2"}],"replies":[{"embeddable":true,"href":"https:\/\/www.europesays.com\/pt\/wp-json\/wp\/v2\/comments?post=145991"}],"version-history":[{"count":0,"href":"https:\/\/www.europesays.com\/pt\/wp-json\/wp\/v2\/posts\/145991\/revisions"}],"wp:featuredmedia":[{"embeddable":true,"href":"https:\/\/www.europesays.com\/pt\/wp-json\/wp\/v2\/media\/145992"}],"wp:attachment":[{"href":"https:\/\/www.europesays.com\/pt\/wp-json\/wp\/v2\/media?parent=145991"}],"wp:term":[{"taxonomy":"category","embeddable":true,"href":"https:\/\/www.europesays.com\/pt\/wp-json\/wp\/v2\/categories?post=145991"},{"taxonomy":"post_tag","embeddable":true,"href":"https:\/\/www.europesays.com\/pt\/wp-json\/wp\/v2\/tags?post=145991"}],"curies":[{"name":"wp","href":"https:\/\/api.w.org\/{rel}","templated":true}]}}