{"id":146009,"date":"2025-11-10T00:31:39","date_gmt":"2025-11-10T00:31:39","guid":{"rendered":"https:\/\/www.europesays.com\/pt\/146009\/"},"modified":"2025-11-10T00:31:39","modified_gmt":"2025-11-10T00:31:39","slug":"vao-descobrir-o-segredo-da","status":"publish","type":"post","link":"https:\/\/www.europesays.com\/pt\/146009\/","title":{"rendered":"V\u00e3o descobrir o segredo da&#8230;"},"content":{"rendered":"<p>\t\t\t\t\t\t\t\t\t\t\t\t\t\tEsta noite, 9 de novembro, as portas da casa mais vigiada do pa\u00eds voltam a abrir-se para uma expuls\u00e3o.<\/p>\n<p>Cristina Ferreira regressa \u00e0 Venda do Pinheiro para conduzir mais uma gala da \u201cCasa dos Segredos\u201d, que promete fortes emo\u00e7\u00f5es.<\/p>\n<p>A poucas horas da emiss\u00e3o, a produ\u00e7\u00e3o levantou a \u201cponta do v\u00e9u\u201d e destacou um momento crucial: o bot\u00e3o dos segredos vai tocar \u201ce tudo pode acontecer\u201d.<\/p>\n<p>Nos coment\u00e1rios, os internautas deixaram v\u00e1rios palpites e, muitos deles, recaem sobre Raquel.<\/p>\n<p><strong>\u201cV\u00e3o descobrir o Segredo da Raquel. \ud83d\udc4f\ud83c\udffb\u201d<\/strong> ou <strong>\u201cQue \u00f3bvio, v\u00e3o fazer isto para a Raquel sair. AMO!\u201d\u201d<\/strong> \u2013 pode ler-se.<\/p>\n<p>Veja aqui:<\/p>\n<blockquote class=\"instagram-media\" style=\"background: #FFF; border: 0; border-radius: 3px; box-shadow: 0 0 1px 0 rgba(0,0,0,0.5),0 1px 10px 0 rgba(0,0,0,0.15); margin: 1px; max-width: 540px; min-width: 326px; padding: 0; width: calc(100% - 2px);\" data-instgrm-captioned=\"\" data-instgrm-permalink=\"https:\/\/www.instagram.com\/p\/DQ1-eUwDJ64\/?utm_source=ig_embed&amp;utm_campaign=loading\" data-instgrm-version=\"14\">\n<\/blockquote>\n<p>\t\t\t\t\t\t\t\t\t\t\t\t\t\t\t\t\t\t\t\t\t\t\t\t\t\t\t<script async src=\"\/\/www.instagram.com\/embed.js\"><\/script><\/p>\n","protected":false},"excerpt":{"rendered":"Esta noite, 9 de novembro, as portas da casa mais vigiada do pa\u00eds voltam a abrir-se para uma&hellip;\n","protected":false},"author":2,"featured_media":146010,"comment_status":"","ping_status":"","sticky":false,"template":"","format":"standard","meta":{"footnotes":""},"categories":[142],"tags":[31990,2632,114,115,32,33,7958,151],"class_list":{"0":"post-146009","1":"post","2":"type-post","3":"status-publish","4":"format-standard","5":"has-post-thumbnail","7":"category-tv","8":"tag-botu00e3o-dos-segredos","9":"tag-casa-dos-segredos","10":"tag-entertainment","11":"tag-entretenimento","12":"tag-portugal","13":"tag-pt","14":"tag-segredo","15":"tag-tv"},"share_on_mastodon":{"url":"https:\/\/pubeurope.com\/@pt\/115522586715277470","error":""},"_links":{"self":[{"href":"https:\/\/www.europesays.com\/pt\/wp-json\/wp\/v2\/posts\/146009","targetHints":{"allow":["GET"]}}],"collection":[{"href":"https:\/\/www.europesays.com\/pt\/wp-json\/wp\/v2\/posts"}],"about":[{"href":"https:\/\/www.europesays.com\/pt\/wp-json\/wp\/v2\/types\/post"}],"author":[{"embeddable":true,"href":"https:\/\/www.europesays.com\/pt\/wp-json\/wp\/v2\/users\/2"}],"replies":[{"embeddable":true,"href":"https:\/\/www.europesays.com\/pt\/wp-json\/wp\/v2\/comments?post=146009"}],"version-history":[{"count":0,"href":"https:\/\/www.europesays.com\/pt\/wp-json\/wp\/v2\/posts\/146009\/revisions"}],"wp:featuredmedia":[{"embeddable":true,"href":"https:\/\/www.europesays.com\/pt\/wp-json\/wp\/v2\/media\/146010"}],"wp:attachment":[{"href":"https:\/\/www.europesays.com\/pt\/wp-json\/wp\/v2\/media?parent=146009"}],"wp:term":[{"taxonomy":"category","embeddable":true,"href":"https:\/\/www.europesays.com\/pt\/wp-json\/wp\/v2\/categories?post=146009"},{"taxonomy":"post_tag","embeddable":true,"href":"https:\/\/www.europesays.com\/pt\/wp-json\/wp\/v2\/tags?post=146009"}],"curies":[{"name":"wp","href":"https:\/\/api.w.org\/{rel}","templated":true}]}}