{"id":146021,"date":"2025-11-10T00:48:07","date_gmt":"2025-11-10T00:48:07","guid":{"rendered":"https:\/\/www.europesays.com\/pt\/146021\/"},"modified":"2025-11-10T00:48:07","modified_gmt":"2025-11-10T00:48:07","slug":"benfica-casa-pia-2-2-cronica-maisfutebol","status":"publish","type":"post","link":"https:\/\/www.europesays.com\/pt\/146021\/","title":{"rendered":"Benfica-Casa Pia, 2-2 (cr\u00f3nica) | MAISFUTEBOL"},"content":{"rendered":"<p lang=\"PT-PT\" paraeid=\"{f19f1e2f-370e-47cb-a0da-177ec0da7e9a}{14}\" paraid=\"1224412970\" xml:lang=\"PT-PT\">Tudo o que pode acontecer ao Benfica acontece mesmo, confirmando a Lei de Murphy. Num jogo caseiro aparentemente controlado, diante de um advers\u00e1rio com muito menor or\u00e7amento e qualidade individual como o Casa Pia (que at\u00e9 despediu o treinador durante a semana), a equipa de Jos\u00e9 Mourinho perdeu pontos na corrida para o t\u00edtulo.\u00a0\u00a0<\/p>\n<p paraeid=\"{f19f1e2f-370e-47cb-a0da-177ec0da7e9a}{24}\" paraid=\"1874995625\" xml:lang=\"PT-PT\">E, desta vez, f\u00ea-lo de uma forma ris\u00edvel&#8230; pelo menos para os advers\u00e1rios. Um\u00a0auto-golo\u00a0inacredit\u00e1vel de Tom\u00e1s Ara\u00fajo ap\u00f3s um\u00a0pen\u00e1lti\u00a0defendido por\u00a0Trubin, digno de um\u00a0sketch\u00a0de com\u00e9dia, at\u00e9 arrancou sorrisos ao\u00a0guarda-redes\u00a0ucraniano. Esse momento trouxe instabilidade ao jogo e culminou num golo do empate aos 90+1m, de\u00a0Nhaga, fazendo um impressionante 2-2. Os golos de\u00a0Pavlidis\u00a0e\u00a0Sudakov\u00a0de pouco serviram.\u00a0<\/p>\n<p paraeid=\"{f19f1e2f-370e-47cb-a0da-177ec0da7e9a}{34}\" paraid=\"744809357\" xml:lang=\"PT-PT\">Os \u00e2nimos exaltaram-se muito, especialmente em dire\u00e7\u00e3o \u00e0 equipa de arbitragem, numa segunda parte cheia de incid\u00eancias e que virou o jogo de pernas para o ar. Um\u00a0fim-de-semana\u00a0pleno de associativismo encarnado acaba em trag\u00e9dia. Ap\u00f3s Santa Clara, Rio Ave e FC Porto, o Benfica empata pela quarta vez no campeonato.\u00a0<\/p>\n<p paraeid=\"{f19f1e2f-370e-47cb-a0da-177ec0da7e9a}{147}\" paraid=\"1690146271\" xml:lang=\"PT-PT\"><strong><a href=\"https:\/\/maisfutebol.iol.pt\/jogo\/aominuto\/13828215\" rel=\"nofollow noopener\" target=\"_blank\">RECORDE AQUI O FILME DO JOGO.\u00a0<\/a><\/strong><\/p>\n<p> Ambiente de uni\u00e3o no est\u00e1dio e um regresso ao onze <\/p>\n<p paraeid=\"{f19f1e2f-370e-47cb-a0da-177ec0da7e9a}{157}\" paraid=\"1198082517\" xml:lang=\"PT-PT\">De muitos, um.\u00a0Ap\u00f3s um longo processo eleitoral terminado j\u00e1 na alvorada deste domingo, pondo t\u00e9rmino a meses de acusa\u00e7\u00f5es, tens\u00f5es e propostas num Benfica dividido em v\u00e1rias fa\u00e7\u00f5es, a \u2018\u00faltima ceia\u2019 no Est\u00e1dio da Luz marcou uma pausa nas rivalidades internas, com um ambiente sem aparentes cis\u00f5es no est\u00e1dio, mesmo ap\u00f3s as negas de Jo\u00e3o Noronha Lopes e de Jo\u00e3o Diogo Manteigas ao convite de Rui Costa.\u00a0\u00a0<\/p>\n<p paraeid=\"{f19f1e2f-370e-47cb-a0da-177ec0da7e9a}{167}\" paraid=\"1321722749\" xml:lang=\"PT-PT\">Ap\u00f3s o desaire contra o Bayer Leverkusen, em casa, Jos\u00e9 Mourinho fez apenas duas altera\u00e7\u00f5es \u2013 uma for\u00e7ada (rendeu o castigado\u00a0Otamendi\u00a0por Ant\u00f3nio Silva, que herdou a bra\u00e7adeira de capit\u00e3o) e outra por op\u00e7\u00e3o \u2013 Barreiro regressou ao banco de suplentes, com\u00a0Aursnes\u00a0a avan\u00e7ar no terreno e\u00a0Dedic\u00a0a voltar \u00e0 titularidade ap\u00f3s recuperar de les\u00e3o.\u00a0<\/p>\n<p paraeid=\"{f19f1e2f-370e-47cb-a0da-177ec0da7e9a}{177}\" paraid=\"1218138249\" xml:lang=\"PT-PT\">Mourinho apostou num 4-2-3-1 declarado, com\u00a0Sudakov\u00a0atr\u00e1s do ponta-de-lan\u00e7a e, talvez de forma mais surpreendente,\u00a0Aursnes\u00a0na posi\u00e7\u00e3o de extremo-esquerdo. Um pouco a lembrar a fun\u00e7\u00e3o que lhe foi confiada por Roger Schmidt, noutros tempos.\u00a0Lukebakio\u00a0recebia bem aberto na direita e\u00a0Dedic\u00a0tentava desequilibrar mais por dentro.\u00a0<\/p>\n<p paraeid=\"{f19f1e2f-370e-47cb-a0da-177ec0da7e9a}{187}\" paraid=\"1304010611\" xml:lang=\"PT-PT\">Debaixo de apoio praticamente constante dos adeptos, o Benfica entrou mand\u00e3o no jogo e n\u00e3o permitiu grandes aventuras aos forasteiros. A diferen\u00e7a de qualidade individual era not\u00f3ria, como tantas outras vezes no nosso campeonato. Com dinamismo, o golo acabou mesmo por chegar na primeira ocasi\u00e3o de real perigo.\u00a0<\/p>\n<p paraeid=\"{f19f1e2f-370e-47cb-a0da-177ec0da7e9a}{187}\" paraid=\"1304010611\" xml:lang=\"PT-PT\">\u00a0<\/p>\n<p> Golo \u00e0 &#8216;futebol de praia&#8217; de Sudakov <\/p>\n<p paraeid=\"{f19f1e2f-370e-47cb-a0da-177ec0da7e9a}{197}\" paraid=\"1998318177\" xml:lang=\"PT-PT\">Passavam 17 minutos no rel\u00f3gio quando uma bela jogada coletiva deu azo ao 1-0.\u00a0Pavlidis\u00a0recebeu um cruzamento no peito \u00e0 entrada da \u00e1rea e, para surpresa de Jos\u00e9 Fonte, libertou a bola rapidamente para\u00a0Sudakov. Virado para a baliza, o ucraniano atirou de p\u00e9 esquerdo com precis\u00e3o para dentro da baliza. Parecia futebol de praia.\u00a0\u00a0<\/p>\n<p paraeid=\"{f19f1e2f-370e-47cb-a0da-177ec0da7e9a}{207}\" paraid=\"1115296901\" xml:lang=\"PT-PT\">O resto da primeira parte foi um exerc\u00edcio de estrangulamento do Benfica. Muito dom\u00ednio de posse de bola, muitas aproxima\u00e7\u00f5es \u00e0 grande \u00e1rea contr\u00e1ria, mas normalmente a embater na muralha defensiva do Casa Pia. Na melhor chance p\u00f3s-golo,\u00a0Lukebakio\u00a0apareceu na cara de Kevin Sequeira, mas o costarriquenho levou a melhor. Os gansos amea\u00e7aram apenas uma vez, com\u00a0Livolant\u00a0a so\u00e7obrar no momento do remate.\u00a0<\/p>\n<p paraeid=\"{f19f1e2f-370e-47cb-a0da-177ec0da7e9a}{217}\" paraid=\"1511215665\" xml:lang=\"PT-PT\">A segunda parte trouxe mais vida \u00e0 partida. Trouxe n\u00e3o s\u00f3 futebol, como tamb\u00e9m um pouco de com\u00e9dia. Mas j\u00e1 l\u00e1 vamos. Mourinho decidiu mexer ao intervalo, lan\u00e7ando\u00a0Prestianni\u00a0no lugar do tocado Enzo\u00a0Barrenechea.\u00a0Aursnes\u00a0deslocou-se para o meio e\u00a0Prestianni\u00a0assumiu o corredor esquerdo.\u00a0\u00a0<\/p>\n<p paraeid=\"{f19f1e2f-370e-47cb-a0da-177ec0da7e9a}{227}\" paraid=\"423035633\" xml:lang=\"PT-PT\">Perto dos sessenta minutos, o Benfica chegou ao 2-0 na convers\u00e3o de uma grande penalidade. Num canto,\u00a0Larrazabal\u00a0saltou de bra\u00e7os abertos e travou um\u00a0cabeceamento\u00a0de R\u00edos de forma ilegal. Ainda se queixou de um empurr\u00e3o nas costas, mas a equipa de arbitragem n\u00e3o recuou.\u00a0Pavlidis\u00a0encarregou-se da decis\u00e3o e atirou um m\u00edssil para o fundo das redes.\u00a0<\/p>\n<p paraeid=\"{f19f1e2f-370e-47cb-a0da-177ec0da7e9a}{227}\" paraid=\"423035633\" xml:lang=\"PT-PT\">\u00a0<\/p>\n<p> Auto-golo de Tom\u00e1s Ara\u00fajo trouxe instabilidade ao jogo <\/p>\n<p paraeid=\"{f19f1e2f-370e-47cb-a0da-177ec0da7e9a}{237}\" paraid=\"52371661\" xml:lang=\"PT-PT\">Dois minutos depois, foi a vez do Casa Pia ganhar um\u00a0pen\u00e1lti. Ant\u00f3nio Silva desviou um remate de\u00a0Livolant\u00a0com o bra\u00e7o esquerdo e Gustavo Correia l\u00e1 teve de apontar para a marca de onze metros. O \u2018Inferno da Luz\u2019 insurgiu-se \u2013 adeptos assobiaram, jogadores e elementos da equipa t\u00e9cnica protestaram (um foi expulso), mas manteve-se a decis\u00e3o.\u00a0<\/p>\n<p paraeid=\"{f19f1e2f-370e-47cb-a0da-177ec0da7e9a}{247}\" paraid=\"1990762245\" xml:lang=\"PT-PT\">Perante uma assobiadela brutal, Cassiano permitiu a defesa a\u00a0Trubin. Quando os adeptos\u00a0levantaram-se\u00a0da cadeira para celebrar, Tom\u00e1s Ara\u00fajo marcou um\u00a0autogolo\u00a0digno de \u2018apanhados\u2019. Na tentativa do corte, atirou para dentro da baliza. Que momento anticlim\u00e1tico na Luz (mas o jovem mereceu aplausos dos adeptos durante o resto da noite). At\u00e9\u00a0Trubin\u00a0n\u00e3o escondeu o sorriso.\u00a0<\/p>\n<p paraeid=\"{443d020b-8dd2-4fc5-b4d0-1111089b7dd8}{2}\" paraid=\"2002473028\" xml:lang=\"PT-PT\">Leandro Barreiro esteve perto ainda de uma entrada \u00e9pica em jogo. Foi lan\u00e7ado aos 79 minutos para o lugar de\u00a0Sudakov\u00a0e aos 81m marcou. Reagiu bem ao segundo poste, o problema \u00e9 que estava mais de 40 cent\u00edmetros em fora-de-jogo.\u00a0<\/p>\n<p paraeid=\"{443d020b-8dd2-4fc5-b4d0-1111089b7dd8}{2}\" paraid=\"2002473028\" xml:lang=\"PT-PT\">O golpe final estava marcado para os 90+1m. O menino Renato Nhaga, de 18 anos, ganhou uma bola a Richard R\u00edos no meio-campo, originando uma transi\u00e7\u00e3o. A equipa estava descompensada atr\u00e1s e, ap\u00f3s uma m\u00e1 interven\u00e7\u00e3o de Trubin, a bola sobrou para o mi\u00fado da Guin\u00e9-Bissau. Encostou de p\u00e9 esquerdo e empatou, atingindo um resultado incr\u00edvel para o Casa Pia. A raiva dos benfiquistas dirigiu-se para a equipa de arbitragem, pedindo falta sobre R\u00edos.<\/p>\n<p paraeid=\"{443d020b-8dd2-4fc5-b4d0-1111089b7dd8}{2}\" paraid=\"2002473028\" xml:lang=\"PT-PT\">Do nada, o Benfica voltou a trope\u00e7ar. Tudo o que pode acontecer a esta equipa&#8230; acontece mesmo.<\/p>\n<p lang=\"PT-BR\" paraeid=\"{f19f1e2f-370e-47cb-a0da-177ec0da7e9a}{145}\" paraid=\"1858423334\" xml:lang=\"PT-BR\">\u00a0<\/p>\n","protected":false},"excerpt":{"rendered":"Tudo o que pode acontecer ao Benfica acontece mesmo, confirmando a Lei de Murphy. Num jogo caseiro aparentemente&hellip;\n","protected":false},"author":2,"featured_media":146022,"comment_status":"","ping_status":"","sticky":false,"template":"","format":"standard","meta":{"footnotes":""},"categories":[87],"tags":[51,31992,1529,1404,135,36,46,32,33,47,134],"class_list":{"0":"post-146021","1":"post","2":"type-post","3":"status-publish","4":"format-standard","5":"has-post-thumbnail","7":"category-desporto","8":"tag-benfica","9":"tag-benfica-casa-pia","10":"tag-casa-pia","11":"tag-cronica","12":"tag-desporto","13":"tag-liga","14":"tag-maisfutebol","15":"tag-portugal","16":"tag-pt","17":"tag-pura-paixao","18":"tag-sports"},"share_on_mastodon":{"url":"https:\/\/pubeurope.com\/@pt\/115522654151782357","error":""},"_links":{"self":[{"href":"https:\/\/www.europesays.com\/pt\/wp-json\/wp\/v2\/posts\/146021","targetHints":{"allow":["GET"]}}],"collection":[{"href":"https:\/\/www.europesays.com\/pt\/wp-json\/wp\/v2\/posts"}],"about":[{"href":"https:\/\/www.europesays.com\/pt\/wp-json\/wp\/v2\/types\/post"}],"author":[{"embeddable":true,"href":"https:\/\/www.europesays.com\/pt\/wp-json\/wp\/v2\/users\/2"}],"replies":[{"embeddable":true,"href":"https:\/\/www.europesays.com\/pt\/wp-json\/wp\/v2\/comments?post=146021"}],"version-history":[{"count":0,"href":"https:\/\/www.europesays.com\/pt\/wp-json\/wp\/v2\/posts\/146021\/revisions"}],"wp:featuredmedia":[{"embeddable":true,"href":"https:\/\/www.europesays.com\/pt\/wp-json\/wp\/v2\/media\/146022"}],"wp:attachment":[{"href":"https:\/\/www.europesays.com\/pt\/wp-json\/wp\/v2\/media?parent=146021"}],"wp:term":[{"taxonomy":"category","embeddable":true,"href":"https:\/\/www.europesays.com\/pt\/wp-json\/wp\/v2\/categories?post=146021"},{"taxonomy":"post_tag","embeddable":true,"href":"https:\/\/www.europesays.com\/pt\/wp-json\/wp\/v2\/tags?post=146021"}],"curies":[{"name":"wp","href":"https:\/\/api.w.org\/{rel}","templated":true}]}}