{"id":146029,"date":"2025-11-10T00:59:18","date_gmt":"2025-11-10T00:59:18","guid":{"rendered":"https:\/\/www.europesays.com\/pt\/146029\/"},"modified":"2025-11-10T00:59:18","modified_gmt":"2025-11-10T00:59:18","slug":"de-nao-colocar-os-pes-no-chao-durante-24-horas-a-comer-de-luvas-de-boxe-veja-a-quem-calhou-todas-as-consequencias-secret-story","status":"publish","type":"post","link":"https:\/\/www.europesays.com\/pt\/146029\/","title":{"rendered":"De n\u00e3o colocar os p\u00e9s no ch\u00e3o durante 24 horas a comer de luvas de boxe: Veja a quem calhou todas as consequ\u00eancias &#8211; Secret Story"},"content":{"rendered":"<p>Na gala do Secret Story 9,\u00a0os concorrentes s\u00e3o chamados ao jardim onde t\u00eam de escolher cada um, um dos objetos que est\u00e1 \u00e0 sua disposi\u00e7\u00e3o. Cada um destes objetos esconde uma consequ\u00eancia, sendo que a mais desejada \u00e9 a imunidade. Entre consequ\u00eancias ins\u00f3litas e outras menos divertidas, veja quem foram os 4 concorrentes eleitos para irem disputar a prova da imunidade!\u00a0<\/p>\n<p>Veja tamb\u00e9m: <a href=\"https:\/\/tvi.iol.pt\/secretstory\/inscricoes\/casa-dos-segredos\/e-destemido-e-adora-misterios-inscreva-se-aqui-no-proximo-secret-story\" rel=\"nofollow noopener\" target=\"_blank\">\u00c9 destemido e adora mist\u00e9rios? Inscreva-se aqui no pr\u00f3ximo Secret Story<\/a><\/p>\n<p><a href=\"https:\/\/tvi.iol.pt\/secretstory\/aominuto\" rel=\"nofollow noopener\" target=\"_blank\">Acompanhe tudo o que se passa na casa mais vigiada do Pa\u00eds<\/a><\/p>\n","protected":false},"excerpt":{"rendered":"Na gala do Secret Story 9,\u00a0os concorrentes s\u00e3o chamados ao jardim onde t\u00eam de escolher cada um, um&hellip;\n","protected":false},"author":2,"featured_media":146030,"comment_status":"","ping_status":"","sticky":false,"template":"","format":"standard","meta":{"footnotes":""},"categories":[142],"tags":[114,115,19033,19034,32,33,151,19032],"class_list":{"0":"post-146029","1":"post","2":"type-post","3":"status-publish","4":"format-standard","5":"has-post-thumbnail","7":"category-tv","8":"tag-entertainment","9":"tag-entretenimento","10":"tag-galas-em-video","11":"tag-melhores-momentos-casa-dos-segredos","12":"tag-portugal","13":"tag-pt","14":"tag-tv","15":"tag-videos-secret-story-tvi"},"share_on_mastodon":{"url":"https:\/\/pubeurope.com\/@pt\/115522696777963024","error":""},"_links":{"self":[{"href":"https:\/\/www.europesays.com\/pt\/wp-json\/wp\/v2\/posts\/146029","targetHints":{"allow":["GET"]}}],"collection":[{"href":"https:\/\/www.europesays.com\/pt\/wp-json\/wp\/v2\/posts"}],"about":[{"href":"https:\/\/www.europesays.com\/pt\/wp-json\/wp\/v2\/types\/post"}],"author":[{"embeddable":true,"href":"https:\/\/www.europesays.com\/pt\/wp-json\/wp\/v2\/users\/2"}],"replies":[{"embeddable":true,"href":"https:\/\/www.europesays.com\/pt\/wp-json\/wp\/v2\/comments?post=146029"}],"version-history":[{"count":0,"href":"https:\/\/www.europesays.com\/pt\/wp-json\/wp\/v2\/posts\/146029\/revisions"}],"wp:featuredmedia":[{"embeddable":true,"href":"https:\/\/www.europesays.com\/pt\/wp-json\/wp\/v2\/media\/146030"}],"wp:attachment":[{"href":"https:\/\/www.europesays.com\/pt\/wp-json\/wp\/v2\/media?parent=146029"}],"wp:term":[{"taxonomy":"category","embeddable":true,"href":"https:\/\/www.europesays.com\/pt\/wp-json\/wp\/v2\/categories?post=146029"},{"taxonomy":"post_tag","embeddable":true,"href":"https:\/\/www.europesays.com\/pt\/wp-json\/wp\/v2\/tags?post=146029"}],"curies":[{"name":"wp","href":"https:\/\/api.w.org\/{rel}","templated":true}]}}