{"id":146037,"date":"2025-11-10T01:14:08","date_gmt":"2025-11-10T01:14:08","guid":{"rendered":"https:\/\/www.europesays.com\/pt\/146037\/"},"modified":"2025-11-10T01:14:08","modified_gmt":"2025-11-10T01:14:08","slug":"familia-silva-se-destaca-no-comprar-e-bom-levar-e-melhor-do-sbt-veja-radio-rural","status":"publish","type":"post","link":"https:\/\/www.europesays.com\/pt\/146037\/","title":{"rendered":"Fam\u00edlia Silva se destaca no \u201cComprar \u00e9 Bom, Levar \u00e9 Melhor\u201d do SBT. Veja! &#8211; R\u00e1dio Rural"},"content":{"rendered":"<ol>\n<li><a href=\"https:\/\/news.google.com\/rss\/articles\/CBMiwwFBVV95cUxPYms5NlRpZjYxbmVtOGFrVWctMElMUjhGQVJfRTR0QWlVaVQ5SU8xdWVXX2d2QjFRdHJXMzFTUWJJNHhYeDhad3pQNl9YUnpRS0pfNmhJN19WUmxPR0l1czVKVVlXcmVRZ0N5UnhYbVU4ZDRacW9OMjhyOHNNd2VjOGlYcDg3TlhfNzd0V05EZkJPWXBpbEZRT2hlMUJjOGpTUXJ1aWJlQW92bG80S05jOV9qUDRzQUJXV3RSdm91Z1VDcVk?oc=5\" target=\"_blank\" rel=\"nofollow noopener\">Fam\u00edlia Silva se destaca no \u201cComprar \u00e9 Bom, Levar \u00e9 Melhor\u201d do SBT. Veja!<\/a>&nbsp;&nbsp;R\u00e1dio Rural<\/li>\n<li><a href=\"https:\/\/news.google.com\/rss\/articles\/CBMirgFBVV95cUxPSEEzbHg1YnYzdjM4S0IxRURWTVhjMUREXzhMSDdqN3RjdnFPN0gwWDdrcGh4SmRLa2hvQU9Pdm5fVnQ2QmI3ejZiVURfdHltbk9yWTQ3NjM4ZXpfa0RHcTZjc2Z6UmhfOGhNMHo4ZHM1bGdzcDZ4NV9IN2pLNnJ4UFZWMVhPSE15SVJGd2llalBCSFA2cXNtM3Jrak1FdEhwVHRZWHBCY1QwSjNWMVE?oc=5\" target=\"_blank\" rel=\"nofollow noopener\">Domingo Legal: fam\u00edlia de SC participa do quadro \u2018Comprar \u00e9 bom, levar \u00e9 melhor!\u2019<\/a>&nbsp;&nbsp;SCC10<\/li>\n<li><a href=\"https:\/\/news.google.com\/rss\/articles\/CBMinAFBVV95cUxObDZUcTZlREZ4SUoxc29qaUJOM0l1eklKZU1UMG05amhtTzhEam4wUkF1U0xuVGl5NkNkMVBaSEs2RFF2U3M0MGpnNE0xUFdpQWlWc3lsMjhvNkptOXRfU19QWVl2cGJZSjNDME14c29WclJvMURsTmZIZmJBWncwdmQyY2tZeVdfT2pBT3lGLV90MWFNREpoR040Z3A?oc=5\" target=\"_blank\" rel=\"nofollow noopener\">Fam\u00edlia de Conc\u00f3rdia leva mais de R$ 70 mil em pr\u00eamios no SBT<\/a>&nbsp;&nbsp;Portal Sublinhado<\/li>\n<li><a href=\"https:\/\/news.google.com\/rss\/articles\/CBMiwAFBVV95cUxQazNySFFnOWhhSVc5Ml9yNUtnTUpiUnU5SnVEWU5lcnVvV1d0OEtUVl9oUnhHWEswaWdvNVQ3VGFhbkdnYmUtM3RKR3gxYzRaQkhTTnE2ZHdibkwwS0R5Ylg1RmVab3hNRUcxODdjNWZLMjJYejVHeXJHNmJ6ekF2NzlTbllDNnNxbWs5Q2c4NTF0S29iYVBqbnQzTi1CUnpqQVQ0TF90QmhDRmpCeG1UWURaUU5XNjJNWXZKQ2RvQjfSAawBQVVfeXFMTkVkU3A1OXNSSEtzY3ZsY1IzUHd5TDcyekpjS0paQnd3cFFwWmp1RzkzVjJTY3VoQ1RkYmRBVUVxLWE5ZDgyaWtNbGczVk5NQTllLVJEcnA3NW5yaWV6R2E2Q1l3ZWZaekJVTGQyOGdMRzc2bE1MOHJxOU5DcjJjajF1ZW41My1SYmxkaWRlVHU0bDV2bWp6S0F6d2FwQ05hWC1HNGZzRkNPaDJGYQ?oc=5\" target=\"_blank\" rel=\"nofollow noopener\">Fam\u00edlia de Conc\u00f3rdia participa neste fim de semana do programa Domingo Legal, no SBT<\/a>&nbsp;&nbsp;Alian\u00e7a News<\/li>\n<\/ol>\n","protected":false},"excerpt":{"rendered":"Fam\u00edlia Silva se destaca no \u201cComprar \u00e9 Bom, Levar \u00e9 Melhor\u201d do SBT. Veja!&nbsp;&nbsp;R\u00e1dio Rural Domingo Legal: fam\u00edlia&hellip;\n","protected":false},"author":2,"featured_media":146038,"comment_status":"","ping_status":"","sticky":false,"template":"","format":"standard","meta":{"footnotes":""},"categories":[141],"tags":[562,726,2733,2731,476,539,2258,114,115,1062,986,2732,149,150,1086,52,32,33,3551,117],"class_list":{"0":"post-146037","1":"post","2":"type-post","3":"status-publish","4":"format-standard","5":"has-post-thumbnail","7":"category-musica","8":"tag-agricultura","9":"tag-brasil","10":"tag-carnaval","11":"tag-dicas-do-dia","12":"tag-economia","13":"tag-educacao","14":"tag-eleicoes","15":"tag-entertainment","16":"tag-entretenimento","17":"tag-esportes","18":"tag-estado","19":"tag-geral","20":"tag-music","21":"tag-musica","22":"tag-policia","23":"tag-politica","24":"tag-portugal","25":"tag-pt","26":"tag-regiao","27":"tag-saude"},"share_on_mastodon":{"url":"https:\/\/pubeurope.com\/@pt\/115522755813049743","error":""},"_links":{"self":[{"href":"https:\/\/www.europesays.com\/pt\/wp-json\/wp\/v2\/posts\/146037","targetHints":{"allow":["GET"]}}],"collection":[{"href":"https:\/\/www.europesays.com\/pt\/wp-json\/wp\/v2\/posts"}],"about":[{"href":"https:\/\/www.europesays.com\/pt\/wp-json\/wp\/v2\/types\/post"}],"author":[{"embeddable":true,"href":"https:\/\/www.europesays.com\/pt\/wp-json\/wp\/v2\/users\/2"}],"replies":[{"embeddable":true,"href":"https:\/\/www.europesays.com\/pt\/wp-json\/wp\/v2\/comments?post=146037"}],"version-history":[{"count":0,"href":"https:\/\/www.europesays.com\/pt\/wp-json\/wp\/v2\/posts\/146037\/revisions"}],"wp:featuredmedia":[{"embeddable":true,"href":"https:\/\/www.europesays.com\/pt\/wp-json\/wp\/v2\/media\/146038"}],"wp:attachment":[{"href":"https:\/\/www.europesays.com\/pt\/wp-json\/wp\/v2\/media?parent=146037"}],"wp:term":[{"taxonomy":"category","embeddable":true,"href":"https:\/\/www.europesays.com\/pt\/wp-json\/wp\/v2\/categories?post=146037"},{"taxonomy":"post_tag","embeddable":true,"href":"https:\/\/www.europesays.com\/pt\/wp-json\/wp\/v2\/tags?post=146037"}],"curies":[{"name":"wp","href":"https:\/\/api.w.org\/{rel}","templated":true}]}}