{"id":146047,"date":"2025-11-10T01:27:19","date_gmt":"2025-11-10T01:27:19","guid":{"rendered":"https:\/\/www.europesays.com\/pt\/146047\/"},"modified":"2025-11-10T01:27:19","modified_gmt":"2025-11-10T01:27:19","slug":"marisa-desaba-em-lagrimas-e-e-confortada-por-pedro-o-motivo-comove-qualquer-um-noticias-de-hoje-iol","status":"publish","type":"post","link":"https:\/\/www.europesays.com\/pt\/146047\/","title":{"rendered":"Marisa desaba em l\u00e1grimas e \u00e9 confortada por Pedro. O motivo comove qualquer um &#8211; Not\u00edcias de hoje &#8211; IOL"},"content":{"rendered":"<ol>\n<li><a href=\"https:\/\/news.google.com\/rss\/articles\/CBMizgFBVV95cUxPQUIzVmFCX05MRTNzTXdXYS04a2RxQUloWXo5UGp0bDRyaU8yeXh3cEc4cEduOEo1RXdjUlZpamxXamo4MnZWT3ljWlg2ZDc2dmdVZTdHcUY5NmROSkhSSFJmNUVtZnJuTF80blNfRTBzbWx2V1RGOElUWXFUblR6Y2gxWlczNGZHcEQ3MDBiQ1Z6clltX0pfNlNZV1ZuX0ROQkZjVFo0dkFIWHZKT0U0cnpZUXQzOU9SWEdwcFFlN0FXcHROSWJLQWxTTG9VQQ?oc=5\" target=\"_blank\" rel=\"nofollow noopener\">Marisa desaba em l\u00e1grimas e \u00e9 confortada por Pedro. O motivo comove qualquer um<\/a>&nbsp;&nbsp;Not\u00edcias de hoje &#8211; IOL<\/li>\n<li><a href=\"https:\/\/news.google.com\/rss\/articles\/CBMimwFBVV95cUxQaW5iUnlqbEllQjdlLWFhdnB4QUlIbjhVNnYwbFBGZWNTM1RNWEtfUkVwQzhuWC03U2l2MG9XRTZyRW5OQW5UUHJ5UGpoZUIxYkFHNzEwZmJjc25jWV9YMUZZNUI2ZzdhZEtfekpydk1kRE4yQ1JaVGJlOFVBQnJLc0FoNGFWQTRoallXMUdsZ0d3cWhuOEdnQVJjMA?oc=5\" target=\"_blank\" rel=\"nofollow noopener\">Marisa e Pedro Jorge choram com saudades dos filhos: \u201cPodem precisar de n\u00f3s\u2026\u201d<\/a>&nbsp;&nbsp;Hiper Fm<\/li>\n<li><a href=\"https:\/\/news.google.com\/rss\/articles\/CBMiqgFBVV95cUxPRk8yNWNoQ3g5YWUyaGphdWZJSTVKLTktbmpETGRwYTBjbWJMOTZhUWx3R3NhOXp5M2hNRjBveGU0Q0NxdmUxSHpkdmdFdVFvbkd5R21xRjYyRzIyTEtDSU9OLUJWRHpLaXpVSVZDLXlmZWpwczZnd3B1NVo4Q254cjFDQzFJa2lVZHN2akU5MWUxVUFOVlU5Q1l2YmNTMjA5Z28xSThEZHpuQQ?oc=5\" target=\"_blank\" rel=\"nofollow noopener\">Dylan: \u00abSe ganhar um Pedro ou um Leandro \u00e9 vergonhoso\u00bb<\/a>&nbsp;&nbsp;Not\u00edcias de hoje &#8211; IOL<\/li>\n<li><a href=\"https:\/\/news.google.com\/rss\/articles\/CBMipwFBVV95cUxOMWp3T2VYWjFFZWFkbWdKd3NfdXd1dURxUzFWb21Ib0ZRS3J6OXBOSUhJZjI1OEVMOVdlSkZzbnZ5V0J3NDV4b2RfOHhvZk8yV0lWLW56VUxRRkFDSkxHaTRGOEMxUkJVdEEyOFNPd0VfV0I0MlMydUhYQ3pGRE9sUFpYRFJ2YjVDV3pEZ3I3OUh5M2diMUVYYXVWZFRVMTJZR3JNU01JWQ?oc=5\" target=\"_blank\" rel=\"nofollow noopener\">Beijo e confiss\u00f5es no duche: Marisa e Pedro trocam juras de amor na \u201cCasa dos Segredos\u201d<\/a>&nbsp;&nbsp;infocul.pt<\/li>\n<li><a href=\"https:\/\/news.google.com\/rss\/articles\/CBMi3wFBVV95cUxQSmpFcnQ4OUROdzZFMlpiRlBpYm5tUXpBNzNhbE05YXVVOU1lYWF5X3VUZUhFQjg4b0NWY1lNdmZqZzBVazdmNkpQblJ0TUk1QlJsMXZrLWdQeVYtaDVJRlhaUnhxbGJXbWRHSENqdHFGTVpGMms2ZElrQWlRdVZrd2VlejBlaTRfSTVibFp1UjAwODg4SlhDTnhSTU83YmJJT3pfdzdielFESU1CNGxGRC1rc0pxYV9wVGVsWFlMZjRwRlR5eHlrcHhVVTBydHlrMW0yRElYelJUMVJFYWFz?oc=5\" target=\"_blank\" rel=\"nofollow noopener\">Casa dos Segredos- Pedro e Marisa trocam beijos apaixonados \u2018nas barbas\u2019 dos colegas: \u201cVais tomar banho?\u201d<\/a>&nbsp;&nbsp;SAPO<\/li>\n<\/ol>\n","protected":false},"excerpt":{"rendered":"Marisa desaba em l\u00e1grimas e \u00e9 confortada por Pedro. O motivo comove qualquer um&nbsp;&nbsp;Not\u00edcias de hoje &#8211; IOL&hellip;\n","protected":false},"author":2,"featured_media":146048,"comment_status":"","ping_status":"","sticky":false,"template":"","format":"standard","meta":{"footnotes":""},"categories":[142],"tags":[114,115,488,19184,13,14646,32,33,151],"class_list":{"0":"post-146047","1":"post","2":"type-post","3":"status-publish","4":"format-standard","5":"has-post-thumbnail","7":"category-tv","8":"tag-entertainment","9":"tag-entretenimento","10":"tag-iol","11":"tag-marisa","12":"tag-noticias","13":"tag-pedro","14":"tag-portugal","15":"tag-pt","16":"tag-tv"},"share_on_mastodon":{"url":"https:\/\/pubeurope.com\/@pt\/115522807029148602","error":""},"_links":{"self":[{"href":"https:\/\/www.europesays.com\/pt\/wp-json\/wp\/v2\/posts\/146047","targetHints":{"allow":["GET"]}}],"collection":[{"href":"https:\/\/www.europesays.com\/pt\/wp-json\/wp\/v2\/posts"}],"about":[{"href":"https:\/\/www.europesays.com\/pt\/wp-json\/wp\/v2\/types\/post"}],"author":[{"embeddable":true,"href":"https:\/\/www.europesays.com\/pt\/wp-json\/wp\/v2\/users\/2"}],"replies":[{"embeddable":true,"href":"https:\/\/www.europesays.com\/pt\/wp-json\/wp\/v2\/comments?post=146047"}],"version-history":[{"count":0,"href":"https:\/\/www.europesays.com\/pt\/wp-json\/wp\/v2\/posts\/146047\/revisions"}],"wp:featuredmedia":[{"embeddable":true,"href":"https:\/\/www.europesays.com\/pt\/wp-json\/wp\/v2\/media\/146048"}],"wp:attachment":[{"href":"https:\/\/www.europesays.com\/pt\/wp-json\/wp\/v2\/media?parent=146047"}],"wp:term":[{"taxonomy":"category","embeddable":true,"href":"https:\/\/www.europesays.com\/pt\/wp-json\/wp\/v2\/categories?post=146047"},{"taxonomy":"post_tag","embeddable":true,"href":"https:\/\/www.europesays.com\/pt\/wp-json\/wp\/v2\/tags?post=146047"}],"curies":[{"name":"wp","href":"https:\/\/api.w.org\/{rel}","templated":true}]}}