{"id":146049,"date":"2025-11-10T01:28:11","date_gmt":"2025-11-10T01:28:11","guid":{"rendered":"https:\/\/www.europesays.com\/pt\/146049\/"},"modified":"2025-11-10T01:28:11","modified_gmt":"2025-11-10T01:28:11","slug":"guerreiras-do-k-pop-5-coisas-para-saber-sobre-jinu-do-saja-boys","status":"publish","type":"post","link":"https:\/\/www.europesays.com\/pt\/146049\/","title":{"rendered":"Guerreiras do K-pop: 5 coisas para saber sobre Jinu, do Saja Boys"},"content":{"rendered":"<p>Jinu \u00e9 um dos personagens principais da hist\u00f3ria de <a href=\"https:\/\/recreio.com.br\/tags\/guerreiras-do-k-pop\" rel=\"nofollow noopener\" target=\"_blank\">\u201cGuerreiras do K-Pop\u201d<\/a>, recebendo bastante destaque por ter um conflito moral e uma paix\u00e3o por Rumi durante a anima\u00e7\u00e3o da Sony. A Recreio lista cinco curiosidades que voc\u00ea precisa saber sobre o l\u00edder dos Saja Boys no fen\u00f4meno da <a href=\"https:\/\/www.netflix.com\/br\/title\/81498621\" rel=\"nofollow noopener\" target=\"_blank\">Netflix<\/a>.<\/p>\n<p>\t  1. Hist\u00f3ria dram\u00e1tica em \u201cGuerreiras do K-Pop\u201d <img loading=\"lazy\" decoding=\"async\" class=\"size-full wp-image-57367 img-fluid lazy\" alt=\"Jinu e seus companheiros em &quot;Guerreiras do K-Pop&quot;\" width=\"1280\" height=\"720\" src=\"https:\/\/www.europesays.com\/pt\/wp-content\/uploads\/2025\/11\/jinu-guerreiras-do-k-pop-.jpg\"  \/>Jinu e seus companheiros \u2013 Divulga\u00e7\u00e3o\/Netflix <\/p>\n<p>Jinu \u00e9 o contraponto de Rumi durante a anima\u00e7\u00e3o: enquanto a l\u00edder das HUNTR\/X luta para esconder suas marcas de dem\u00f4nios, o l\u00edder dos Saja Boys parece aceitar que seu destino \u00e9 ser um vil\u00e3o, e tem como objetivo acabar com as divas do k-pop e dar a Gwi-Ma todas as almas humanas que ele deseja. O jovem, no entanto, sofre com um passado humano: trocou sua alma por uma vida de riqueza e deu \u00e0s costas para a m\u00e3e e irm\u00e3.<\/p>\n<p>\t  2. Qual a idade e poderes de Jinu? <img loading=\"lazy\" decoding=\"async\" class=\"wp-image-57368 size-full img-fluid lazy\" alt=\"Jinu em cena da anima\u00e7\u00e3o 'Guerreiras do K-Pop' (2025) - Reprodu\u00e7\u00e3o\/Netflix\" width=\"1280\" height=\"720\" src=\"https:\/\/www.europesays.com\/pt\/wp-content\/uploads\/2025\/11\/jinu-guerreiras-do-k-pop-humano.jpg\"  \/>Jinu em cena da anima\u00e7\u00e3o \u2018Guerreiras do K-Pop\u2019 (2025) \u2013 Reprodu\u00e7\u00e3o\/Netflix <\/p>\n<p>Jinu \u00e9 um personagem antigo: ele foi humano na era <a href=\"https:\/\/pt.wikipedia.org\/wiki\/Dinastia_Joseon\" rel=\"nofollow noopener\" target=\"_blank\">Joseon<\/a>, ou seja, ele tem mais de 400 anos. O acordo com Gwi-ma, al\u00e9m de dar a ele sua alma, tamb\u00e9m o transformou em dem\u00f4nio, o garantindo a imortalidade. Ele usa suas garras na forma demon\u00edaca, por\u00e9m, a verdadeira arma \u00e9 um charme irresist\u00edvel e uma voz arrebatadora.<\/p>\n<p> 3. Momentos mais amados em \u201cGuerreiras do K-Pop\u201d <\/p>\n<p>Jinu tem alguns momentos amados pelos f\u00e3s: quando surge com os Saja Boys e canta <a href=\"https:\/\/www.youtube.com\/watch?v=983bBbJx0Mk\" rel=\"nofollow noopener\" target=\"_blank\">\u201cSoda Pop\u201d<\/a>, arrastando multid\u00f5es e criando um hit t\u00e3o chiclete quando \u201cGolden\u201d, das HUNTR\/X. Outros momentos s\u00e3o os que ele mostra vulnerabilidade, ou seja, mostrando seu lado emotivo e contando sua hist\u00f3ria dram\u00e1tica.<\/p>\n<p> <img loading=\"lazy\" decoding=\"async\" class=\"size-full wp-image-45966 img-fluid lazy\" alt=\"Saja Boys em &quot;Guerreiras do K-Pop&quot;\" width=\"1280\" height=\"720\" src=\"https:\/\/www.europesays.com\/pt\/wp-content\/uploads\/2025\/11\/saja-boys-capa.jpg\"  \/>Saja Boys, boygroup do filme \u2018Guerreiras do K-Pop\u2019 (2025) \u2013 Divulga\u00e7\u00e3o\/Netflix <\/p>\n<p>Al\u00e9m disso, \u00e9 imposs\u00edvel n\u00e3o mencionar \u201cFree\u201d, quando ele e Rumi, aparentemente, est\u00e3o se entendendo. Ainda sobre os dois, Jinu fecha seus momentos ic\u00f4nicos quando d\u00e1 sua alma para Rumi e a ajuda a destruir Gwi-ma, criando um novo honmoon.<\/p>\n<p>\t 4. Rela\u00e7\u00f5es complicadas <\/p>\n<p>O vocalista dos Saja Boys em \u201cGuerreiras do K-Pop\u201d tem rela\u00e7\u00f5es complexas. Com a m\u00e3e e a irm\u00e3, ele quebrou la\u00e7os ao fechar o acordo com o dem\u00f4nio e viver uma vida no luxo, deixando elas na mis\u00e9ria. Com Gwi-ma, ele tem uma rela\u00e7\u00e3o de controle, onde o l\u00edder dos dem\u00f4nios controla cada passo dele.<\/p>\n<p> <img loading=\"lazy\" decoding=\"async\" class=\"size-full wp-image-57366 img-fluid lazy\" alt=\"Fam\u00edlia de Jinu\" width=\"1280\" height=\"720\" src=\"https:\/\/www.europesays.com\/pt\/wp-content\/uploads\/2025\/11\/jinu-guerreiras-do-k-pop-familia-.jpg\"  \/>Fam\u00edlia de Jinu em \u201cGuerreiras do K-Pop\u201d \u2013 Divulga\u00e7\u00e3o\/Netflix <\/p>\n<p>Ao lado de Rumi, eles come\u00e7am se odiando e se enfrentando em grandes combates, at\u00e9 verem que tem mais em comum do que pensam. Derpy \u00e9 seu bicho de estima\u00e7\u00e3o e fiel escudeiro felino. Al\u00e9m de, claro, os Saja Boys serem seus companheiros de banda e igualmente demon\u00edacos.<\/p>\n<p> 5. Primeira e \u00faltima apari\u00e7\u00e3o em \u201cGuerreiras do K-Pop\u201d <img loading=\"lazy\" decoding=\"async\" class=\"size-full wp-image-49614 img-fluid lazy\" alt=\"Jinu e Rumi \" width=\"1280\" height=\"720\" src=\"https:\/\/www.europesays.com\/pt\/wp-content\/uploads\/2025\/08\/Jinu-e-Rumi-de-Guerreiras-do-K-Pop.jpg\"  \/>Jinu e Rumi de \u2018Guerreiras do K-Pop\u2019 (2025) \u2013 Reprodu\u00e7\u00e3o\/Netflix <\/p>\n<p>A primeira vez que ele aparece \u00e9 quando surge no mundo dos dem\u00f4nios e sugere a todas as criaturas uma forma de destruir as HUNTR\/X, ou melhor, as ca\u00e7adoras de dem\u00f4nios. Sua \u00faltima apari\u00e7\u00e3o \u00e9 quando se sacrifica para salvar Rumi e, aparentemente, \u00e9 selado na espada da cantora.<\/p>\n","protected":false},"excerpt":{"rendered":"Jinu \u00e9 um dos personagens principais da hist\u00f3ria de \u201cGuerreiras do K-Pop\u201d, recebendo bastante destaque por ter um&hellip;\n","protected":false},"author":2,"featured_media":146050,"comment_status":"","ping_status":"","sticky":false,"template":"","format":"standard","meta":{"footnotes":""},"categories":[141],"tags":[3471,114,115,4550,23286,149,150,32,33],"class_list":{"0":"post-146049","1":"post","2":"type-post","3":"status-publish","4":"format-standard","5":"has-post-thumbnail","7":"category-musica","8":"tag-curiosidades","9":"tag-entertainment","10":"tag-entretenimento","11":"tag-guerreiras-do-k-pop","12":"tag-jinu","13":"tag-music","14":"tag-musica","15":"tag-portugal","16":"tag-pt"},"share_on_mastodon":{"url":"https:\/\/pubeurope.com\/@pt\/115522811272398803","error":""},"_links":{"self":[{"href":"https:\/\/www.europesays.com\/pt\/wp-json\/wp\/v2\/posts\/146049","targetHints":{"allow":["GET"]}}],"collection":[{"href":"https:\/\/www.europesays.com\/pt\/wp-json\/wp\/v2\/posts"}],"about":[{"href":"https:\/\/www.europesays.com\/pt\/wp-json\/wp\/v2\/types\/post"}],"author":[{"embeddable":true,"href":"https:\/\/www.europesays.com\/pt\/wp-json\/wp\/v2\/users\/2"}],"replies":[{"embeddable":true,"href":"https:\/\/www.europesays.com\/pt\/wp-json\/wp\/v2\/comments?post=146049"}],"version-history":[{"count":0,"href":"https:\/\/www.europesays.com\/pt\/wp-json\/wp\/v2\/posts\/146049\/revisions"}],"wp:featuredmedia":[{"embeddable":true,"href":"https:\/\/www.europesays.com\/pt\/wp-json\/wp\/v2\/media\/146050"}],"wp:attachment":[{"href":"https:\/\/www.europesays.com\/pt\/wp-json\/wp\/v2\/media?parent=146049"}],"wp:term":[{"taxonomy":"category","embeddable":true,"href":"https:\/\/www.europesays.com\/pt\/wp-json\/wp\/v2\/categories?post=146049"},{"taxonomy":"post_tag","embeddable":true,"href":"https:\/\/www.europesays.com\/pt\/wp-json\/wp\/v2\/tags?post=146049"}],"curies":[{"name":"wp","href":"https:\/\/api.w.org\/{rel}","templated":true}]}}