{"id":146059,"date":"2025-11-10T01:41:10","date_gmt":"2025-11-10T01:41:10","guid":{"rendered":"https:\/\/www.europesays.com\/pt\/146059\/"},"modified":"2025-11-10T01:41:10","modified_gmt":"2025-11-10T01:41:10","slug":"o-que-nao-viu-na-tv-e-isto-que-acontece-no-camarim-de-cristina-ferreira-antes-da-gala-secret-story","status":"publish","type":"post","link":"https:\/\/www.europesays.com\/pt\/146059\/","title":{"rendered":"O que n\u00e3o viu na TV. \u00c9 isto que acontece no camarim de Cristina Ferreira antes da gala &#8211; Secret Story"},"content":{"rendered":"<p style=\"margin-bottom:11px\">Num v\u00eddeo in\u00e9dito, Cristina Ferreira partilhou com os seguidores os bastidores de mais uma gala do Secret Story 9. Nas imagens \u00e9 poss\u00edvel ver a transforma\u00e7\u00e3o do visual de Cristina Ferreira, de um look casual para um visual arrojado e de festa.<\/p>\n<p style=\"margin-bottom:11px\">Al\u00e9m disso, \u00e9 poss\u00edvel observar alguns dos momentos que se vivem no camarim de Cristina, quando se est\u00e1 em contagem decrescente para entrar no ar. Veja aqui:\u00a0<\/p>\n<p>Nesta gala, <a href=\"https:\/\/tvi.iol.pt\/secretstory\/cristina-ferreira\/look\/look-arrojado-de-cristina-ferreira-conquista-rasgados-elogios-e-os-brincos-fazem-toda-a-diferenca\" rel=\"nofollow noopener\" target=\"_blank\">a apresentadora da TVI apostou num vestido preto e dourado assinado por Lu\u00eds Carvalho, uma cria\u00e7\u00e3o que combina eleg\u00e2ncia, sofistica\u00e7\u00e3o e um toque arrojado.<\/a><\/p>\n<p>O look de Cristina Ferreira est\u00e1 a conquistar elogios nas redes sociais, onde os f\u00e3s n\u00e3o poupam coment\u00e1rios \u00e0 produ\u00e7\u00e3o impec\u00e1vel da apresentadora.<\/p>\n<p>Os detalhes que fazem a diferen\u00e7a<\/p>\n<p>O vestido destaca-se pelos detalhes marcantes e pela forma como real\u00e7a a silhueta de Cristina Ferreira. Mas o grande destaque da noite foram os brincos ousados, que completam o visual com um toque de glamour e modernidade.<\/p>\n<p><strong>A maquilhagem valorizou ainda mais o look. Percorra a galeria e veja as imagens.<\/strong><\/p>\n","protected":false},"excerpt":{"rendered":"Num v\u00eddeo in\u00e9dito, Cristina Ferreira partilhou com os seguidores os bastidores de mais uma gala do Secret Story&hellip;\n","protected":false},"author":2,"featured_media":146060,"comment_status":"","ping_status":"","sticky":false,"template":"","format":"standard","meta":{"footnotes":""},"categories":[142],"tags":[8113,5294,2632,329,333,328,335,166,336,114,115,334,330,1326,338,19019,13,32,33,1315,8174,151,162,19020,227],"class_list":{"0":"post-146059","1":"post","2":"type-post","3":"status-publish","4":"format-standard","5":"has-post-thumbnail","7":"category-tv","8":"tag-alice-alves","9":"tag-bastidores","10":"tag-casa-dos-segredos","11":"tag-claudio-ramos","12":"tag-comentadores","13":"tag-concorrentes","14":"tag-confrontos","15":"tag-cristina-ferreira","16":"tag-discussoes","17":"tag-entertainment","18":"tag-entretenimento","19":"tag-exclusivos","20":"tag-gala","21":"tag-mafalda-castro","22":"tag-maria-botelho-moniz","23":"tag-marta-cardoso","24":"tag-noticias","25":"tag-portugal","26":"tag-pt","27":"tag-secret-story","28":"tag-segredos","29":"tag-tv","30":"tag-tvi","31":"tag-video-do-dia","32":"tag-videos"},"share_on_mastodon":{"url":"https:\/\/pubeurope.com\/@pt\/115522862176428033","error":""},"_links":{"self":[{"href":"https:\/\/www.europesays.com\/pt\/wp-json\/wp\/v2\/posts\/146059","targetHints":{"allow":["GET"]}}],"collection":[{"href":"https:\/\/www.europesays.com\/pt\/wp-json\/wp\/v2\/posts"}],"about":[{"href":"https:\/\/www.europesays.com\/pt\/wp-json\/wp\/v2\/types\/post"}],"author":[{"embeddable":true,"href":"https:\/\/www.europesays.com\/pt\/wp-json\/wp\/v2\/users\/2"}],"replies":[{"embeddable":true,"href":"https:\/\/www.europesays.com\/pt\/wp-json\/wp\/v2\/comments?post=146059"}],"version-history":[{"count":0,"href":"https:\/\/www.europesays.com\/pt\/wp-json\/wp\/v2\/posts\/146059\/revisions"}],"wp:featuredmedia":[{"embeddable":true,"href":"https:\/\/www.europesays.com\/pt\/wp-json\/wp\/v2\/media\/146060"}],"wp:attachment":[{"href":"https:\/\/www.europesays.com\/pt\/wp-json\/wp\/v2\/media?parent=146059"}],"wp:term":[{"taxonomy":"category","embeddable":true,"href":"https:\/\/www.europesays.com\/pt\/wp-json\/wp\/v2\/categories?post=146059"},{"taxonomy":"post_tag","embeddable":true,"href":"https:\/\/www.europesays.com\/pt\/wp-json\/wp\/v2\/tags?post=146059"}],"curies":[{"name":"wp","href":"https:\/\/api.w.org\/{rel}","templated":true}]}}