{"id":14606,"date":"2025-08-03T19:25:07","date_gmt":"2025-08-03T19:25:07","guid":{"rendered":"https:\/\/www.europesays.com\/pt\/14606\/"},"modified":"2025-08-03T19:25:07","modified_gmt":"2025-08-03T19:25:07","slug":"mobile-codigos-de-itens-gratis-de-agosto-2025-pra-encher-teu-arsenal-sem-gastar-um-tostao-r7-entretenimento","status":"publish","type":"post","link":"https:\/\/www.europesays.com\/pt\/14606\/","title":{"rendered":"Mobile \u2013 C\u00f3digos de itens gr\u00e1tis de agosto 2025 pra encher teu arsenal sem gastar um tost\u00e3o \u2013 R7 Entretenimento"},"content":{"rendered":"<p>Se tem uma coisa que Marcelo Mendes entende melhor do que camperando no telhado em Shoot House, \u00e9 de pegar skin e projeto de arma na faixa, daquele jeit\u00e3o que s\u00f3 o bom e velho Call of Duty: Mobile oferece de vez em quando. E olha s\u00f3 que beleza: agosto de 2025 t\u00e1 cheio de c\u00f3digo ativo, e o tio aqui fez a boa pra voc\u00ea sair estiloso no lobby e ainda ostentar projeto lend\u00e1rio como se fosse o Ghost da quebrada.<\/p>\n","protected":false},"excerpt":{"rendered":"Se tem uma coisa que Marcelo Mendes entende melhor do que camperando no telhado em Shoot House, \u00e9&hellip;\n","protected":false},"author":2,"featured_media":14607,"comment_status":"","ping_status":"","sticky":false,"template":"","format":"standard","meta":{"footnotes":""},"categories":[84],"tags":[109,107,108,32,33,105,103,104,106,110],"class_list":{"0":"post-14606","1":"post","2":"type-post","3":"status-publish","4":"format-standard","5":"has-post-thumbnail","7":"category-ciencia-e-tecnologia","8":"tag-ciencia","9":"tag-ciencia-e-tecnologia","10":"tag-cienciaetecnologia","11":"tag-portugal","12":"tag-pt","13":"tag-science","14":"tag-science-and-technology","15":"tag-scienceandtechnology","16":"tag-technology","17":"tag-tecnologia"},"share_on_mastodon":{"url":"","error":""},"_links":{"self":[{"href":"https:\/\/www.europesays.com\/pt\/wp-json\/wp\/v2\/posts\/14606","targetHints":{"allow":["GET"]}}],"collection":[{"href":"https:\/\/www.europesays.com\/pt\/wp-json\/wp\/v2\/posts"}],"about":[{"href":"https:\/\/www.europesays.com\/pt\/wp-json\/wp\/v2\/types\/post"}],"author":[{"embeddable":true,"href":"https:\/\/www.europesays.com\/pt\/wp-json\/wp\/v2\/users\/2"}],"replies":[{"embeddable":true,"href":"https:\/\/www.europesays.com\/pt\/wp-json\/wp\/v2\/comments?post=14606"}],"version-history":[{"count":0,"href":"https:\/\/www.europesays.com\/pt\/wp-json\/wp\/v2\/posts\/14606\/revisions"}],"wp:featuredmedia":[{"embeddable":true,"href":"https:\/\/www.europesays.com\/pt\/wp-json\/wp\/v2\/media\/14607"}],"wp:attachment":[{"href":"https:\/\/www.europesays.com\/pt\/wp-json\/wp\/v2\/media?parent=14606"}],"wp:term":[{"taxonomy":"category","embeddable":true,"href":"https:\/\/www.europesays.com\/pt\/wp-json\/wp\/v2\/categories?post=14606"},{"taxonomy":"post_tag","embeddable":true,"href":"https:\/\/www.europesays.com\/pt\/wp-json\/wp\/v2\/tags?post=14606"}],"curies":[{"name":"wp","href":"https:\/\/api.w.org\/{rel}","templated":true}]}}