{"id":146073,"date":"2025-11-10T01:52:10","date_gmt":"2025-11-10T01:52:10","guid":{"rendered":"https:\/\/www.europesays.com\/pt\/146073\/"},"modified":"2025-11-10T01:52:10","modified_gmt":"2025-11-10T01:52:10","slug":"cristiano-ronaldo-ensina-piers-morgan-expressao-bem-portuguesa-e-nao-e-obrigado","status":"publish","type":"post","link":"https:\/\/www.europesays.com\/pt\/146073\/","title":{"rendered":"Cristiano Ronaldo &#8211; Ensina Piers Morgan express\u00e3o bem portuguesa\u2026 E n\u00e3o \u00e9 \u2018obrigado\u2019!"},"content":{"rendered":"<p>A entrevista do momento deu muito que falar. <strong>Cristiano Ronaldo<\/strong> voltou para mais uma conversa sem filtros com <strong>Piers Morgan<\/strong> e o entrevistador saiu de l\u00e1 a falar portugu\u00eas. Ou quase.<\/p>\n<p>Durante o tema <strong>Manchester United<\/strong> e a contrata\u00e7\u00e3o de <strong>R\u00faben Amorim<\/strong>, o capit\u00e3o da Sele\u00e7\u00e3o Nacional acabou por usar uma express\u00e3o tipicamente portuguesa.<\/p>\n<p><strong>\u201cEle est\u00e1 a fazer o melhor que pode, mas milagres? Milagres \u00e9 em F\u00e1tima. N\u00e3o vai fazer milagres\u201d<\/strong>, come\u00e7ou por referir.<\/p>\n<blockquote>\n<p><strong>Leia tamb\u00e9m: Cristiano Ronaldo &#8211; <\/strong><a href=\"https:\/\/www.novagente.pt\/cristiano-ronaldo-reencontro-de-cr7-com-mulher-que-lhe-dava-hamburgueres-quando-tinha-fome-pensou\" rel=\"nofollow noopener\" target=\"_blank\">O reencontro do craque com a mulher que lhe dava hamb\u00fargueres quando tinha fome: &#8220;Pensou que eu&#8230;&#8221;<\/a><\/p>\n<\/blockquote>\n<p>De seguida, disse:<strong> \u201cComo dizemos em Portugal, milagres s\u00f3 em F\u00e1tima. Conheces esta esta express\u00e3o? Conheces F\u00e1tima\u201d<\/strong>. \u00c0 quest\u00e3o, Piers Morgan surpreendeu ao responder afirmativo.<\/p>\n<p>No fim, o craque portugu\u00eas confessou: \u201cO Manchester United tem bons jogadores, mas n\u00e3o t\u00eam ideia do que \u00e9 o clube\u201d.<\/p>\n<p>\u00a0<\/p>\n<p>Texto: Carolina Charrua; Fotos: Redes sociais e Impala<\/p>\n<p class=\"intagram-text\">Siga a Nova Gente no Instagram<\/p>\n<p>                        <a href=\"https:\/\/www.instagram.com\/revistanovagente\/\" target=\"_blank\" aria-label=\"instagram\" rel=\"noopener nofollow\"><img decoding=\"async\" style=\"display: block; margin-left: auto; margin-right: auto; width: 250px; height: 83px;\" src=\"https:\/\/www.europesays.com\/pt\/wp-content\/uploads\/2025\/11\/Instagram_NG.png\" alt=\"instagram\"\/><\/a><br \/>\n                    <script async src=\"\/\/www.instagram.com\/embed.js\"><\/script><\/p>\n","protected":false},"excerpt":{"rendered":"A entrevista do momento deu muito que falar. Cristiano Ronaldo voltou para mais uma conversa sem filtros com&hellip;\n","protected":false},"author":2,"featured_media":146074,"comment_status":"","ping_status":"","sticky":false,"template":"","format":"standard","meta":{"footnotes":""},"categories":[145],"tags":[211,210,667,114,115,741,7800,524,3509,30833,32,13138,33],"class_list":{"0":"post-146073","1":"post","2":"type-post","3":"status-publish","4":"format-standard","5":"has-post-thumbnail","7":"category-celebridades","8":"tag-celebridades","9":"tag-celebrities","10":"tag-cristiano-ronaldo","11":"tag-entertainment","12":"tag-entretenimento","13":"tag-entrevista","14":"tag-fatima","15":"tag-futebol","16":"tag-georgina-rodriguez","17":"tag-piers-morgan","18":"tag-portugal","19":"tag-portugues","20":"tag-pt"},"share_on_mastodon":{"url":"https:\/\/pubeurope.com\/@pt\/115522905378329248","error":""},"_links":{"self":[{"href":"https:\/\/www.europesays.com\/pt\/wp-json\/wp\/v2\/posts\/146073","targetHints":{"allow":["GET"]}}],"collection":[{"href":"https:\/\/www.europesays.com\/pt\/wp-json\/wp\/v2\/posts"}],"about":[{"href":"https:\/\/www.europesays.com\/pt\/wp-json\/wp\/v2\/types\/post"}],"author":[{"embeddable":true,"href":"https:\/\/www.europesays.com\/pt\/wp-json\/wp\/v2\/users\/2"}],"replies":[{"embeddable":true,"href":"https:\/\/www.europesays.com\/pt\/wp-json\/wp\/v2\/comments?post=146073"}],"version-history":[{"count":0,"href":"https:\/\/www.europesays.com\/pt\/wp-json\/wp\/v2\/posts\/146073\/revisions"}],"wp:featuredmedia":[{"embeddable":true,"href":"https:\/\/www.europesays.com\/pt\/wp-json\/wp\/v2\/media\/146074"}],"wp:attachment":[{"href":"https:\/\/www.europesays.com\/pt\/wp-json\/wp\/v2\/media?parent=146073"}],"wp:term":[{"taxonomy":"category","embeddable":true,"href":"https:\/\/www.europesays.com\/pt\/wp-json\/wp\/v2\/categories?post=146073"},{"taxonomy":"post_tag","embeddable":true,"href":"https:\/\/www.europesays.com\/pt\/wp-json\/wp\/v2\/tags?post=146073"}],"curies":[{"name":"wp","href":"https:\/\/api.w.org\/{rel}","templated":true}]}}