{"id":146117,"date":"2025-11-10T02:47:22","date_gmt":"2025-11-10T02:47:22","guid":{"rendered":"https:\/\/www.europesays.com\/pt\/146117\/"},"modified":"2025-11-10T02:47:22","modified_gmt":"2025-11-10T02:47:22","slug":"chega-pede-cedencias-ao-governo-para-se-aprovar-nova-legislacao-laboral","status":"publish","type":"post","link":"https:\/\/www.europesays.com\/pt\/146117\/","title":{"rendered":"Chega pede ced\u00eancias ao Governo para se aprovar nova legisla\u00e7\u00e3o laboral"},"content":{"rendered":"<p>Andr\u00e9 Ventura, presidente do Chega, pediu este domingo, 9 de novembro, ao Governo que fa\u00e7a ced\u00eancias nalguns pontos, como o trabalho por turnos, para se aprovar uma nova legisla\u00e7\u00e3o laboral, reiterando a sua disponibilidade para um acordo nesta mat\u00e9ria.<\/p>\n<p><strong>&#8220;Isto \u00e9 uma quest\u00e3o que o Governo pode resolver com o Chega. Estamos dispostos a sentar-nos, se for preciso amanh\u00e3, e a resolver isto&#8221;<\/strong>, afirmou Andr\u00e9 Ventura, em confer\u00eancia de imprensa, na sede nacional do Chega, em Lisboa.<\/p>\n<p>Para o presidente do Chega, &#8220;a quest\u00e3o do trabalho por turnos \u00e9 muito importante&#8221;, entre outras, mas o Governo &#8220;vai a tempo ainda de fazer altera\u00e7\u00f5es que s\u00e3o sens\u00edveis e razo\u00e1veis&#8221; ao anteprojeto que apresentou em julho e &#8220;n\u00e3o se pode queixar da falta de apoio&#8221;.<\/p>\n<p>Nesta confer\u00eancia de imprensa, Andr\u00e9 Ventura\u00a0criticou a greve geral convocada para 11 de dezembro pelas centrais sindicais contra o pacote laboral do Governo, que classificou como &#8220;um erro em que s\u00f3 a extrema-esquerda e os partidos a ela ligados conseguem ver qualquer benef\u00edcio&#8221;.<\/p>\n<p><strong>&#8220;N\u00f3s n\u00e3o precisamos de greves gerais em Portugal nem de paralisa\u00e7\u00f5es do pa\u00eds. N\u00f3s precisamos de trabalho, de respeito pelo trabalho&#8221;<\/strong>, defendeu.<\/p>\n","protected":false},"excerpt":{"rendered":"Andr\u00e9 Ventura, presidente do Chega, pediu este domingo, 9 de novembro, ao Governo que fa\u00e7a ced\u00eancias nalguns pontos,&hellip;\n","protected":false},"author":2,"featured_media":146118,"comment_status":"","ping_status":"","sticky":false,"template":"","format":"standard","meta":{"footnotes":""},"categories":[8],"tags":[3386,27,28,1736,15,16,301,31789,14,25,26,848,21,22,12,13,19,20,32,23,24,33,17,18,29,30,31],"class_list":{"0":"post-146117","1":"post","2":"type-post","3":"status-publish","4":"format-standard","5":"has-post-thumbnail","7":"category-principais-noticias","8":"tag-andre-ventura","9":"tag-breaking-news","10":"tag-breakingnews","11":"tag-chega","12":"tag-featured-news","13":"tag-featurednews","14":"tag-governo","15":"tag-greve-geral","16":"tag-headlines","17":"tag-latest-news","18":"tag-latestnews","19":"tag-legislacao-laboral","20":"tag-main-news","21":"tag-mainnews","22":"tag-news","23":"tag-noticias","24":"tag-noticias-principais","25":"tag-noticiasprincipais","26":"tag-portugal","27":"tag-principais-noticias","28":"tag-principaisnoticias","29":"tag-pt","30":"tag-top-stories","31":"tag-topstories","32":"tag-ultimas","33":"tag-ultimas-noticias","34":"tag-ultimasnoticias"},"share_on_mastodon":{"url":"https:\/\/pubeurope.com\/@pt\/115523121549155477","error":""},"_links":{"self":[{"href":"https:\/\/www.europesays.com\/pt\/wp-json\/wp\/v2\/posts\/146117","targetHints":{"allow":["GET"]}}],"collection":[{"href":"https:\/\/www.europesays.com\/pt\/wp-json\/wp\/v2\/posts"}],"about":[{"href":"https:\/\/www.europesays.com\/pt\/wp-json\/wp\/v2\/types\/post"}],"author":[{"embeddable":true,"href":"https:\/\/www.europesays.com\/pt\/wp-json\/wp\/v2\/users\/2"}],"replies":[{"embeddable":true,"href":"https:\/\/www.europesays.com\/pt\/wp-json\/wp\/v2\/comments?post=146117"}],"version-history":[{"count":0,"href":"https:\/\/www.europesays.com\/pt\/wp-json\/wp\/v2\/posts\/146117\/revisions"}],"wp:featuredmedia":[{"embeddable":true,"href":"https:\/\/www.europesays.com\/pt\/wp-json\/wp\/v2\/media\/146118"}],"wp:attachment":[{"href":"https:\/\/www.europesays.com\/pt\/wp-json\/wp\/v2\/media?parent=146117"}],"wp:term":[{"taxonomy":"category","embeddable":true,"href":"https:\/\/www.europesays.com\/pt\/wp-json\/wp\/v2\/categories?post=146117"},{"taxonomy":"post_tag","embeddable":true,"href":"https:\/\/www.europesays.com\/pt\/wp-json\/wp\/v2\/tags?post=146117"}],"curies":[{"name":"wp","href":"https:\/\/api.w.org\/{rel}","templated":true}]}}