{"id":146123,"date":"2025-11-10T02:57:08","date_gmt":"2025-11-10T02:57:08","guid":{"rendered":"https:\/\/www.europesays.com\/pt\/146123\/"},"modified":"2025-11-10T02:57:08","modified_gmt":"2025-11-10T02:57:08","slug":"saiba-o-que-rolou-no-3o-episodio","status":"publish","type":"post","link":"https:\/\/www.europesays.com\/pt\/146123\/","title":{"rendered":"saiba o que rolou no 3\u00ba epis\u00f3dio"},"content":{"rendered":"\n<p dir=\"ltr\"><strong>A cidade est\u00e1 falando. E quem ouve, n\u00e3o volta o mesmo<\/strong>. O terceiro epis\u00f3dio de IT: Bem-Vindos a Derry, s\u00e9rie original da <a href=\"https:\/\/play.uol.com.br\/lp\/it-bem-vindos-a-derry?utm_source=blog_organic_it-ep-03&amp;utm_medium=blog&amp;utm_campaign=blog_organic_it-ep-03\" rel=\"nofollow noopener\" target=\"_blank\">HBO Max<\/a>, marca o ponto em que o terror deixa de ser sugest\u00e3o e come\u00e7a a tomar forma. Exibida sempre aos domingos, \u00e0s 23h, a produ\u00e7\u00e3o tamb\u00e9m pode ser assistida via <a href=\"https:\/\/play.uol.com.br\/lp\/it-bem-vindos-a-derry?utm_source=blog_organic_it-ep-03&amp;utm_medium=blog&amp;utm_campaign=blog_organic_it-ep-03\" rel=\"nofollow noopener\" target=\"_blank\">UOL Play<\/a>, com toda a praticidade da sua TV online.<\/p>\n<p dir=\"ltr\">Nos dois primeiros epis\u00f3dios, a s\u00e9rie j\u00e1 mostrou a que veio, e em vez de correr para o terror expl\u00edcito, apostou na tens\u00e3o crescente. Um massacre no <a href=\"https:\/\/www.uol.com.br\/splash\/filmes\/\" rel=\"nofollow noopener\" target=\"_blank\">cinema<\/a>, crian\u00e7as desaparecidas, sussurros nos corredores do sanat\u00f3rio e um carro antigo, encontrado no subterr\u00e2neo, cheio de ossos. N\u00e3o h\u00e1 respostas f\u00e1ceis, s\u00f3 a certeza de que algo est\u00e1 errado h\u00e1 muito mais tempo do que qualquer um gostaria de admitir. Em Derry, o medo que se acumula em sil\u00eancio agora come\u00e7a a se mover.<\/p>\n<p dir=\"ltr\">Se voc\u00ea est\u00e1 acompanhando, sabe que cada novo epis\u00f3dio adiciona uma nova camada ao mist\u00e9rio, e o terceiro foi um ponto de virada. Por isso, hoje vamos conversar sobre os principais movimentos da trama: os segredos do passado do general Shaw, o plano das crian\u00e7as para enfrentar o desconhecido e o avan\u00e7o das investiga\u00e7\u00f5es militares em torno da entidade que amea\u00e7a Derry. Respira fundo e vem com a gente!<\/p>\n<p dir=\"ltr\"><a href=\"https:\/\/play.uol.com.br\/lp\/it-bem-vindos-a-derry?utm_source=blog_organic_it-ep-03&amp;utm_medium=blog&amp;utm_campaign=blog_organic_it-ep-03\" rel=\"nofollow noopener\" target=\"_blank\">Assista aos novos epis\u00f3dios da s\u00e9rie It: Bem-Vindos a Derry, todo domingo \u00e0s 23h s\u00f3 na HBO Max. Assine por apenas 22,90\/m\u00eas no plano anual!<\/a><\/p>\n<p>Bem-Vindos a Derry: o que rolou no epis\u00f3dio 3<\/p>\n<p dir=\"ltr\">A sensa\u00e7\u00e3o de amea\u00e7a come\u00e7a a ganhar contornos mais definidos, e os elementos que antes pareciam isolados \u2014 as experi\u00eancias das crian\u00e7as, a atua\u00e7\u00e3o do Ex\u00e9rcito, os sinais de algo antigo \u00e0 espreita \u2014, come\u00e7am a convergir. A cidade, que sempre funcionou como uma for\u00e7a silenciosa na hist\u00f3ria, agora passa a reagir.<\/p>\n<p dir=\"ltr\">\u00c9 tamb\u00e9m o momento em que personagens que vinham sendo apenas observadores entram em a\u00e7\u00e3o. O passado de algumas figuras-chave vem \u00e0 tona, revelando conex\u00f5es antigas com a entidade que assombra Derry.<\/p>\n<p dir=\"ltr\">E enquanto os adultos tentam entender o que enfrentam, os jovens protagonistas decidem que j\u00e1 \u00e9 hora de parar de fugir. A partir daqui, o medo deixa de ser s\u00f3 atmosfera e come\u00e7a a interferir nas escolhas.<\/p>\n<p>O retorno ao passado: Shaw e Rose<\/p>\n<p dir=\"ltr\">O epis\u00f3dio 3 de Bem-Vindos a Derry aprofunda a trajet\u00f3ria do general Shaw, personagem que j\u00e1 apareceu nos epis\u00f3dios anteriores como comandante da Opera\u00e7\u00e3o Precept, <a href=\"https:\/\/tangerina.uol.com.br\/filmes-series\/bem-vindos-a-derry-conecta-guerra-fria-com-pennywise-hbo\/\" rel=\"nofollow noopener\" target=\"_blank\">uma miss\u00e3o secreta das For\u00e7as Armadas<\/a> em busca de um suposto &#8220;recurso&#8221; enterrado sob a cidade.<\/p>\n<p dir=\"ltr\">Agora, conhecemos um lado mais pessoal dessa hist\u00f3ria: seu passado ao lado de Rose, uma mulher ind\u00edgena com quem ele compartilha um trauma de inf\u00e2ncia ligado \u00e0 entidade que assombra Derry.<\/p>\n<p dir=\"ltr\">A s\u00e9rie revela que os dois tiveram um contato precoce com A Coisa, ainda quando crian\u00e7as \u2014 uma experi\u00eancia que moldou o olhar de Shaw sobre o que est\u00e1 por vir. Se at\u00e9 agora ele parecia apenas cumprir ordens, o novo epis\u00f3dio mostrou que ele carrega motiva\u00e7\u00f5es pessoais e mem\u00f3rias que nunca conseguiu enterrar.<\/p>\n<p dir=\"ltr\">A presen\u00e7a de Rose tamb\u00e9m ampliou a dimens\u00e3o espiritual da narrativa. Seu passado e sua conex\u00e3o com as origens de Derry lan\u00e7am luz sobre o lado ancestral do mal que se esconde sob a cidade, algo que vai al\u00e9m da investiga\u00e7\u00e3o militar. A hist\u00f3ria de Derry n\u00e3o come\u00e7a com Pennywise, e Shaw parece saber disso melhor do que ningu\u00e9m.<\/p>\n<p>O drama de Lily em Juniper Hill<\/p>\n<p dir=\"ltr\">Desde o primeiro epis\u00f3dio, Lily Bainbridge tem sido uma das personagens mais impactadas pelos acontecimentos em Derry. Depois de testemunhar a trag\u00e9dia no cinema e relatar detalhes que ningu\u00e9m quis acreditar, ela foi enviada \u00e0 institui\u00e7\u00e3o psiqui\u00e1trica Juniper Hill, uma decis\u00e3o tomada mais por conveni\u00eancia dos adultos do que por preocupa\u00e7\u00e3o real com sua sa\u00fade.<\/p>\n<p dir=\"ltr\">No segundo epis\u00f3dio, Lily foi coagida pela pol\u00edcia a incriminar o pr\u00f3prio pai, Hank, para evitar ser internada novamente. Mesmo assim, acabou sendo enviada de volta. Agora, com sua liberta\u00e7\u00e3o tempor\u00e1ria, a s\u00e9rie explora um novo lado da personagem: a tentativa de recuperar algum tipo de controle sobre o que est\u00e1 vivendo.<\/p>\n<p dir=\"ltr\">Ao retornar para a escola, Lily prop\u00f5e um plano ousado: reunir seus amigos para invocar a entidade e tentar captur\u00e1-la em uma fotografia. A ideia, por mais perigosa que pare\u00e7a, revela o desespero e a lucidez da personagem diante de uma cidade que insiste em negar o \u00f3bvio.<\/p>\n<p dir=\"ltr\">Mais do que uma subtrama infantil, essa movimenta\u00e7\u00e3o coloca as crian\u00e7as no centro da narrativa. Enquanto os adultos se ocupam com burocracia, nega\u00e7\u00e3o e estrat\u00e9gias militares, s\u00e3o elas que olham diretamente para o medo. E Lily, mesmo marcada por traumas, parece disposta a fazer o que ningu\u00e9m mais ousa: enfrentar A Coisa de frente.<\/p>\n<p>O primeiro contato com o terror<\/p>\n<p dir=\"ltr\">Nos dois primeiros epis\u00f3dios, IT: Bem-Vindos a Derry construiu com cuidado a tens\u00e3o em torno da entidade que ronda a cidade. Embora Pennywise ainda n\u00e3o tenha aparecido em sua forma cl\u00e1ssica, ele j\u00e1 se manifestou de maneiras sutis e perturbadoras, como o beb\u00ea demon\u00edaco no cinema e a apari\u00e7\u00e3o da falecida m\u00e3e de Ronnie, que a entidade usa para manipul\u00e1-la. Cada cena revelou a presen\u00e7a do mal e a sua capacidade de explorar mem\u00f3rias dolorosas e traumas profundos.<\/p>\n<p dir=\"ltr\">Agora, no epis\u00f3dio 3, temos o primeiro confronto direto com A Coisa. Dick Hallorann, cuja habilidade ps\u00edquica j\u00e1 foi usada pelas For\u00e7as Armadas, tem um contato mais intenso com a entidade. E essa virada \u00e9 um ponto importante na narrativa. At\u00e9 aqui, a s\u00e9rie sugeriu. Agora, ela come\u00e7a a mostrar. E o terror se torna uma presen\u00e7a concreta &#8211; viva, inteligente e cruel.<\/p>\n<p>O ritual das crian\u00e7as e uma nova miss\u00e3o<\/p>\n<p dir=\"ltr\">Lideradas por Lily e Ronnie, as crian\u00e7as se re\u00fanem com Richi e Will para colocar em pr\u00e1tica uma ideia arriscada: invocar a entidade e registrar sua presen\u00e7a em uma fotografia. O plano surge da frustra\u00e7\u00e3o de n\u00e3o serem ouvidas e da urg\u00eancia de provar que o que viram \u00e9 real.<\/p>\n<p dir=\"ltr\">O grupo escolhe um cemit\u00e9rio como cen\u00e1rio do ritual, espa\u00e7o carregado de simbolismo e sil\u00eancio, onde as manifesta\u00e7\u00f5es de Pennywise tendem a se tornar mais vis\u00edveis. A tentativa de capturar A Coisa foi um dos momentos mais tensos da temporada at\u00e9 agora. A entidade se manifesta de formas diferentes para cada um, mexendo com lembran\u00e7as, traumas e medos pessoais. E no fim, o que parece ser a primeira sombra de Pennywise finalmente surge.<\/p>\n<p dir=\"ltr\">Paralelamente, os militares avan\u00e7am na miss\u00e3o ordenada por Shaw. Dick Hallorann, acompanhado de Leroy e Paulie, utiliza suas habilidades para localizar um s\u00edtio arqueol\u00f3gico onde, acredita-se, est\u00e1 a origem da for\u00e7a que o Ex\u00e9rcito quer controlar. Mas, afinal, ser\u00e1 que a criatura est\u00e1 sendo ca\u00e7ada ou conduzindo a ca\u00e7ada desde o in\u00edcio?<\/p>\n<p dir=\"ltr\"><a href=\"https:\/\/play.uol.com.br\/lp\/it-bem-vindos-a-derry?utm_source=blog_organic_it-ep-03&amp;utm_medium=blog&amp;utm_campaign=blog_organic_it-ep-03\" rel=\"nofollow noopener\" target=\"_blank\">Assista aos novos epis\u00f3dios da s\u00e9rie It: Bem-Vindos a Derry, todo domingo \u00e0s 23h s\u00f3 na HBO Max. Assine por apenas 22,90\/m\u00eas no plano anual!<\/a><\/p>\n<p>Mist\u00e9rio \u00e0 vista: o mal de Derry est\u00e1 apenas despertando<\/p>\n<p dir=\"ltr\">Bem-Vindos a Derry n\u00e3o quer entregar tudo de uma vez e esse \u00e9 justamente o m\u00e9rito da s\u00e9rie. Ela respeita o tempo do medo. A cada epis\u00f3dio, a cidade revela mais sobre a sua pr\u00f3pria natureza e os segredos que ajudam a manter o mal vivo por gera\u00e7\u00f5es.<\/p>\n<p dir=\"ltr\">O terceiro cap\u00edtulo colocou todas essas tens\u00f5es em movimento, sem perder a atmosfera pesada que j\u00e1, j\u00e1 <a href=\"https:\/\/tangerina.uol.com.br\/filmes-series\/casa-do-dragao-e-it-plano-hbo-analise\/\" rel=\"nofollow noopener\" target=\"_blank\">posicionou a s\u00e9rie entre as maiores estreias da HBO Max<\/a>, atr\u00e1s apenas de House of the Dragon e The Last of Us.<\/p>\n<p dir=\"ltr\">Os epis\u00f3dios s\u00e3o exibidos sempre aos domingos, \u00e0s 23h, na HBO Max. E se voc\u00ea quer acompanhar sem depender de hor\u00e1rio fixo, <a href=\"https:\/\/www.instagram.com\/uol_play\/p\/DQKnfGzj5Z-\/\" rel=\"nofollow noopener\" target=\"_blank\">a melhor escolha \u00e9 assistir pelo UOL Play<\/a>, onde tudo fica dispon\u00edvel no seu tempo. O plano anual tem 23% de desconto e sai por apenas R$ 0,76 por dia.<\/p>\n<p dir=\"ltr\">Derry j\u00e1 come\u00e7ou a falar. E tem coisa que a gente s\u00f3 entende vendo: <a href=\"https:\/\/play.uol.com.br\/lp\/it-bem-vindos-a-derry?utm_source=blog_organic_it-ep-03&amp;utm_medium=blog&amp;utm_campaign=blog_organic_it-ep-03\" rel=\"nofollow noopener\" target=\"_blank\">fa\u00e7a a sua assinatura<\/a> e acompanhe cada detalhe antes da pr\u00f3xima apari\u00e7\u00e3o!<\/p>\n<p>       <script async src=\"\/\/www.instagram.com\/embed.js\"><\/script><\/p>\n","protected":false},"excerpt":{"rendered":"A cidade est\u00e1 falando. E quem ouve, n\u00e3o volta o mesmo. O terceiro epis\u00f3dio de IT: Bem-Vindos a&hellip;\n","protected":false},"author":2,"featured_media":146124,"comment_status":"","ping_status":"","sticky":false,"template":"","format":"standard","meta":{"footnotes":""},"categories":[140],"tags":[114,115,147,148,146,32,33],"class_list":{"0":"post-146123","1":"post","2":"type-post","3":"status-publish","4":"format-standard","5":"has-post-thumbnail","7":"category-filmes","8":"tag-entertainment","9":"tag-entretenimento","10":"tag-film","11":"tag-filmes","12":"tag-movies","13":"tag-portugal","14":"tag-pt"},"share_on_mastodon":{"url":"https:\/\/pubeurope.com\/@pt\/115523160821338087","error":""},"_links":{"self":[{"href":"https:\/\/www.europesays.com\/pt\/wp-json\/wp\/v2\/posts\/146123","targetHints":{"allow":["GET"]}}],"collection":[{"href":"https:\/\/www.europesays.com\/pt\/wp-json\/wp\/v2\/posts"}],"about":[{"href":"https:\/\/www.europesays.com\/pt\/wp-json\/wp\/v2\/types\/post"}],"author":[{"embeddable":true,"href":"https:\/\/www.europesays.com\/pt\/wp-json\/wp\/v2\/users\/2"}],"replies":[{"embeddable":true,"href":"https:\/\/www.europesays.com\/pt\/wp-json\/wp\/v2\/comments?post=146123"}],"version-history":[{"count":0,"href":"https:\/\/www.europesays.com\/pt\/wp-json\/wp\/v2\/posts\/146123\/revisions"}],"wp:featuredmedia":[{"embeddable":true,"href":"https:\/\/www.europesays.com\/pt\/wp-json\/wp\/v2\/media\/146124"}],"wp:attachment":[{"href":"https:\/\/www.europesays.com\/pt\/wp-json\/wp\/v2\/media?parent=146123"}],"wp:term":[{"taxonomy":"category","embeddable":true,"href":"https:\/\/www.europesays.com\/pt\/wp-json\/wp\/v2\/categories?post=146123"},{"taxonomy":"post_tag","embeddable":true,"href":"https:\/\/www.europesays.com\/pt\/wp-json\/wp\/v2\/tags?post=146123"}],"curies":[{"name":"wp","href":"https:\/\/api.w.org\/{rel}","templated":true}]}}