{"id":146125,"date":"2025-11-10T03:00:35","date_gmt":"2025-11-10T03:00:35","guid":{"rendered":"https:\/\/www.europesays.com\/pt\/146125\/"},"modified":"2025-11-10T03:00:35","modified_gmt":"2025-11-10T03:00:35","slug":"noori-as-ultimas-horas-de-carolina-torres-antes-de-desaparecer-mas-ela-nunca-chegou","status":"publish","type":"post","link":"https:\/\/www.europesays.com\/pt\/146125\/","title":{"rendered":"Noori &#8211; As \u00faltimas horas de Carolina Torres antes de desaparecer: \u201cMas ela nunca chegou&#8230;\u201d"},"content":{"rendered":"<p><strong>Carolina Torres<\/strong>, mais conhecida por <strong>Noori<\/strong>, foi vista pela \u00faltima vez h\u00e1 exatamente um m\u00eas, no <strong>dia 9 de outubro<\/strong> (quinta-feira) na <strong>Pra\u00e7a S\u00e3o Jo\u00e3o Batista,<\/strong> em <strong>Almada<\/strong>.<\/p>\n<p><strong>Cristiana Gaspar<\/strong>, m\u00e3e da jovem de 18 anos, esteve \u00e0 conversa com<strong> J\u00falia Pinheiro<\/strong> nas tardes da <strong>SIC<\/strong> e recordou <strong>todos os passos da filha no seu \u00faltimo dia contact\u00e1vel<\/strong>.<\/p>\n<p>Noori vivia entre a rua e as casas de amigos. No dia antes do seu desaparecimento, <strong>combinou com a progenitora de ir buscar alguns pertences \u00e0 casa dela<\/strong>.<\/p>\n<p>\u201cEla ia buscar aquilo que me tinha pedido, mais roupa, produtos de higiene, alguma comida\u2026 E<strong> eu fiquei \u00e0 espera que ela chegasse para ir buscar as coisas, mas ela nunca chegou\u201d<\/strong>, come\u00e7ou por contar.<\/p>\n<p>\u201cTentei ligar, mas ela n\u00e3o me atendeu e depois <strong>mandou-me mensagem a pedir desculpa a dizer que se tinha deixado dormir e que j\u00e1 era tarde para ir l\u00e1 a casa para combinarmos outro dia<\/strong> (\u2026) N\u00e3o achei nada estranho vindo da Carolina\u201d, relatou.<\/p>\n<blockquote>\n<p><strong>Leia tamb\u00e9m: Noori &#8211; <\/strong><a href=\"https:\/\/www.novagente.pt\/noori-mensagem-arrepiante-que-jovem-desaparecida-mandou-mae-vem-me-ajudar-porque\" rel=\"nofollow noopener\" target=\"_blank\">A mensagem arrepiante que a jovem desaparecida mandou \u00e0 m\u00e3e: &#8220;Vem-me ajudar, porque&#8230;&#8221;<\/a><\/p>\n<\/blockquote>\n<p>Cristiana recorda-se que falou com ela no dia 9 de outubro, depois do almo\u00e7o, para combinarem outro dia para a filha ir buscar as coisas, contudo no dia seguinte recebe um telefonema preocupante.<\/p>\n<p>\u201cQuando estou a trabalhar uma amiga dela liga-me a perguntar pela Carolina, que ningu\u00e9m sabia dela\u201d, refere e depois \u00e9 este pormenor que a come\u00e7a a deixar receosa: <strong>\u201cFiz muitas chamadas, todas sem resposta, e ai comecei a ficar um pouco desconfort\u00e1vel\u201d<\/strong>.<\/p>\n<p><strong>\u201cMandei-lhe mensagem no Whatsapp, ela nunca chega a ver a mensagem, e depois perto da meia-noite o telefone dela desliga-se e n\u00e3o volta a ser ligado. E eu a\u00ed senti que havia alguma coisa n\u00e3o estava bem\u201d<\/strong>, foi os \u00faltimos contactos que conseguiu fazer.<\/p>\n<p>Veja na nossa galeria as \u00faltimas mensagens que a m\u00e3e trocou com Noori.<\/p>\n<p>\u00a0<\/p>\n<p>Texto: Carolina Charrua; Fotos: Redes sociais<\/p>\n<p class=\"intagram-text\">Siga a Nova Gente no Instagram<\/p>\n<p>                        <a href=\"https:\/\/www.instagram.com\/revistanovagente\/\" target=\"_blank\" aria-label=\"instagram\" rel=\"noopener nofollow\"><img decoding=\"async\" style=\"display: block; margin-left: auto; margin-right: auto; width: 250px; height: 83px;\" src=\"https:\/\/www.europesays.com\/pt\/wp-content\/uploads\/2025\/11\/Instagram_NG.png\" alt=\"instagram\"\/><\/a><br \/>\n                    <script async src=\"\/\/www.instagram.com\/embed.js\"><\/script><\/p>\n","protected":false},"excerpt":{"rendered":"Carolina Torres, mais conhecida por Noori, foi vista pela \u00faltima vez h\u00e1 exatamente um m\u00eas, no dia 9&hellip;\n","protected":false},"author":2,"featured_media":146126,"comment_status":"","ping_status":"","sticky":false,"template":"","format":"standard","meta":{"footnotes":""},"categories":[85],"tags":[7087,31905,31906,21158,114,115,31907,8204,31904,32,33,1751],"class_list":{"0":"post-146125","1":"post","2":"type-post","3":"status-publish","4":"format-standard","5":"has-post-thumbnail","7":"category-entretenimento","8":"tag-almada","9":"tag-carolina-torres","10":"tag-cristiana-gaspar","11":"tag-desaparecimento","12":"tag-entertainment","13":"tag-entretenimento","14":"tag-julia-pinheiro","15":"tag-mae","16":"tag-noori","17":"tag-portugal","18":"tag-pt","19":"tag-sic"},"share_on_mastodon":{"url":"https:\/\/pubeurope.com\/@pt\/115523173040498128","error":""},"_links":{"self":[{"href":"https:\/\/www.europesays.com\/pt\/wp-json\/wp\/v2\/posts\/146125","targetHints":{"allow":["GET"]}}],"collection":[{"href":"https:\/\/www.europesays.com\/pt\/wp-json\/wp\/v2\/posts"}],"about":[{"href":"https:\/\/www.europesays.com\/pt\/wp-json\/wp\/v2\/types\/post"}],"author":[{"embeddable":true,"href":"https:\/\/www.europesays.com\/pt\/wp-json\/wp\/v2\/users\/2"}],"replies":[{"embeddable":true,"href":"https:\/\/www.europesays.com\/pt\/wp-json\/wp\/v2\/comments?post=146125"}],"version-history":[{"count":0,"href":"https:\/\/www.europesays.com\/pt\/wp-json\/wp\/v2\/posts\/146125\/revisions"}],"wp:featuredmedia":[{"embeddable":true,"href":"https:\/\/www.europesays.com\/pt\/wp-json\/wp\/v2\/media\/146126"}],"wp:attachment":[{"href":"https:\/\/www.europesays.com\/pt\/wp-json\/wp\/v2\/media?parent=146125"}],"wp:term":[{"taxonomy":"category","embeddable":true,"href":"https:\/\/www.europesays.com\/pt\/wp-json\/wp\/v2\/categories?post=146125"},{"taxonomy":"post_tag","embeddable":true,"href":"https:\/\/www.europesays.com\/pt\/wp-json\/wp\/v2\/tags?post=146125"}],"curies":[{"name":"wp","href":"https:\/\/api.w.org\/{rel}","templated":true}]}}