{"id":146135,"date":"2025-11-10T03:06:11","date_gmt":"2025-11-10T03:06:11","guid":{"rendered":"https:\/\/www.europesays.com\/pt\/146135\/"},"modified":"2025-11-10T03:06:11","modified_gmt":"2025-11-10T03:06:11","slug":"renato-goes-se-declara-ao-postar-foto-rara-com-a-irma-o-ser-humano-mais-incrivel","status":"publish","type":"post","link":"https:\/\/www.europesays.com\/pt\/146135\/","title":{"rendered":"Renato G\u00f3es se declara ao postar foto rara com a irm\u00e3: &#8216;O ser humano mais incr\u00edvel&#8217;"},"content":{"rendered":"<p><a href=\"https:\/\/caras.com.br\/tags\/renato-goes\" target=\"_blank\" rel=\"noopener nofollow\"><strong>Renato G\u00f3es<\/strong><\/a> chamou a aten\u00e7\u00e3o dos seguidores das redes sociais ao compartilhar cliques raros com sua irm\u00e3,\u00a0<strong>Marcela G\u00f3es<\/strong>. A jovem completou mais um ano de vida neste s\u00e1bado, 9, e ganhou uma bela homenagem.<\/p>\n<p>Em seu perfil oficial, o ator compartilhou uma foto em que aparece abra\u00e7ada com a aniversariante e um v\u00eddeo em que ela est\u00e1 celebrando a data com um bolo improvisado, e na legenda, a parabenizou com um texto especial.<\/p>\n<p>\u201cHoje tem que ter muita festa. Porque n\u00e3o existe ningu\u00e9m mais merecedora de celebra\u00e7\u00e3o do que minha irm\u00e3. Ela \u00e9 o ser humano mais incr\u00edvel que eu j\u00e1 conheci! Te amo!! Feliz dia e um lindo novo ciclo!!\u201d, declarou o marido da atriz <strong>Thaila Ayala<\/strong>.<\/p>\n<p>O post recebeu v\u00e1rios coment\u00e1rios de felicita\u00e7\u00f5es.\u00a0\u201cMuitas felicidades!\u201d, disse um seguidor.\u00a0\u201cTudo de bom pra ela!\u201d, escreveu outro. \u201cParab\u00e9ns, que Deus a aben\u00e7oe muito\u201d, desejou uma f\u00e3.\u00a0\u201cParab\u00e9ns para sua irm\u00e3, Renato G\u00f3es, que Deus a aben\u00e7oe com sa\u00fade, paz, felicidades e muitos anos de vida\u201d, falou mais uma.<\/p>\n<p>Vale lembrar que Renato G\u00f3es est\u00e1 de f\u00e9rias da TV ap\u00f3s o fim de\u00a0Vale Tudo. No remake da TV Globo, o ator interpretou o personagem Ivan.<\/p>\n<p><strong>Confira:<\/strong><\/p>\n<blockquote class=\"instagram-media\" style=\"background: #FFF; border: 0; border-radius: 3px; box-shadow: 0 0 1px 0 rgba(0,0,0,0.5),0 1px 10px 0 rgba(0,0,0,0.15); margin: 1px; max-width: 540px; min-width: 326px; padding: 0; width: calc(100% - 2px);\" data-instgrm-permalink=\"https:\/\/www.instagram.com\/p\/DQ0JdDiEau5\/?utm_source=ig_embed&amp;utm_campaign=loading\" data-instgrm-version=\"14\"><\/blockquote>\n<p>Em outubro, Renato G\u00f3es usou as redes sociais para publicar uma bela declara\u00e7\u00e3o \u00e0 esposa, Thaila Ayala, em celebra\u00e7\u00e3o aos seis anos de casamento. O ator abriu em suas redes sociais um \u00e1lbum de fotos rom\u00e2nticas do fim de semana do casal em um hotel no Rio de Janeiro e se declarou.\u00a0\u201cComemorando 6 anos de casados. Te amo. Sou plena e completamente feliz com voc\u00ea\u201d, escreveu o artista na legenda da postagem.<\/p>\n<p>Thaila Ayala tamb\u00e9m comemorou a data especial com uma declara\u00e7\u00e3o ao companheiro.\u00a0\u201cEsses dias me perguntaram qual foi o sim mais importante da minha vida e prontamente respondi que foi o sim do seu pedido de casamento. O sim que mudou a minha vida inteira ou melhor que levou a minha vida inteira para o lugar que eu merecia e sonhava estar. Te amo e amo o quanto voc\u00ea me ensina todos os dias a dizer mais sim pra vida! Feliz 6 anos de casamento!\u201d, disse ela. <a href=\"https:\/\/caras.com.br\/datas-especiais\/renato-goes-e-thaila-ayala-celebram-seis-anos-de-casamento-merecia-estar.phtml\" target=\"_blank\" rel=\"noopener nofollow\"><strong>Veja!<\/strong><\/a><\/p>\n<p><strong>Leia tamb\u00e9m:<\/strong> <a href=\"https:\/\/caras.com.br\/viagem\/renato-goes-aproveita-viagem-com-os-filhos-apos-o-fim-de-vale-tudo.phtml\" target=\"_blank\" rel=\"noopener nofollow\">Renato G\u00f3es aproveita viagem com os filhos ap\u00f3s o fim de \u2018Vale Tudo\u2019<\/a><\/p>\n<p>        <a href=\"https:\/\/caras.com.br\/autor\/daniela-santos\" rel=\"nofollow noopener\" target=\"_blank\">&#13;<br \/>\n          <img loading=\"lazy\" decoding=\"async\" alt=\"Daniela Santos\" src=\"https:\/\/www.europesays.com\/pt\/wp-content\/uploads\/2025\/09\/1758949148_187_daniela-santos_sqmd.jpg\" class=\"avatar avatar-115 photo rounded-circle\" height=\"115\" width=\"115\"\/>        <\/a><\/p>\n<p><b>Daniela Santos<\/b> \u00e9 rep\u00f3rter do site CARAS. Formada em jornalismo pela FIAM FAAM, atua na \u00e1rea de celebridades e TV desde 2018<\/p>\n<p>\t                                            <script async src=\"\/\/www.instagram.com\/embed.js\"><\/script><\/p>\n","protected":false},"excerpt":{"rendered":"Renato G\u00f3es chamou a aten\u00e7\u00e3o dos seguidores das redes sociais ao compartilhar cliques raros com sua irm\u00e3,\u00a0Marcela G\u00f3es.&hellip;\n","protected":false},"author":2,"featured_media":146136,"comment_status":"","ping_status":"","sticky":false,"template":"","format":"standard","meta":{"footnotes":""},"categories":[145],"tags":[996,211,210,114,115,997,12195,32,33,9266],"class_list":{"0":"post-146135","1":"post","2":"type-post","3":"status-publish","4":"format-standard","5":"has-post-thumbnail","7":"category-celebridades","8":"tag-aniversario","9":"tag-celebridades","10":"tag-celebrities","11":"tag-entertainment","12":"tag-entretenimento","13":"tag-homenagem","14":"tag-irma","15":"tag-portugal","16":"tag-pt","17":"tag-renato-goes"},"share_on_mastodon":{"url":"https:\/\/pubeurope.com\/@pt\/115523196496946705","error":""},"_links":{"self":[{"href":"https:\/\/www.europesays.com\/pt\/wp-json\/wp\/v2\/posts\/146135","targetHints":{"allow":["GET"]}}],"collection":[{"href":"https:\/\/www.europesays.com\/pt\/wp-json\/wp\/v2\/posts"}],"about":[{"href":"https:\/\/www.europesays.com\/pt\/wp-json\/wp\/v2\/types\/post"}],"author":[{"embeddable":true,"href":"https:\/\/www.europesays.com\/pt\/wp-json\/wp\/v2\/users\/2"}],"replies":[{"embeddable":true,"href":"https:\/\/www.europesays.com\/pt\/wp-json\/wp\/v2\/comments?post=146135"}],"version-history":[{"count":0,"href":"https:\/\/www.europesays.com\/pt\/wp-json\/wp\/v2\/posts\/146135\/revisions"}],"wp:featuredmedia":[{"embeddable":true,"href":"https:\/\/www.europesays.com\/pt\/wp-json\/wp\/v2\/media\/146136"}],"wp:attachment":[{"href":"https:\/\/www.europesays.com\/pt\/wp-json\/wp\/v2\/media?parent=146135"}],"wp:term":[{"taxonomy":"category","embeddable":true,"href":"https:\/\/www.europesays.com\/pt\/wp-json\/wp\/v2\/categories?post=146135"},{"taxonomy":"post_tag","embeddable":true,"href":"https:\/\/www.europesays.com\/pt\/wp-json\/wp\/v2\/tags?post=146135"}],"curies":[{"name":"wp","href":"https:\/\/api.w.org\/{rel}","templated":true}]}}