{"id":146139,"date":"2025-11-10T03:11:25","date_gmt":"2025-11-10T03:11:25","guid":{"rendered":"https:\/\/www.europesays.com\/pt\/146139\/"},"modified":"2025-11-10T03:11:25","modified_gmt":"2025-11-10T03:11:25","slug":"este-filme-de-ficcao-cientifica-polemico-estrelado-por-jennifer-lopez-foi-um-sucesso-mas-agora-esta-praticamente-esquecido-voce-se-lembra-dele","status":"publish","type":"post","link":"https:\/\/www.europesays.com\/pt\/146139\/","title":{"rendered":"Este filme de fic\u00e7\u00e3o cient\u00edfica pol\u00eamico estrelado por Jennifer Lopez foi um sucesso, mas agora est\u00e1 praticamente esquecido; voc\u00ea se lembra dele?"},"content":{"rendered":"<p>Os anos 90 foram uma era particularmente prol\u00edfica para suspenses sobre psicopatas e assassinos em s\u00e9rie, impulsionados pelo sucesso monumental de Hannibal Lecter e outras figuras ic\u00f4nicas. Tamb\u00e9m foi uma \u00f3tima \u00e9poca para cineastas que come\u00e7aram no mundo dos videoclipes e injetaram uma nova energia visual no mainstream de Hollywood, resultando em filmes inovadores como<strong> A Cela<\/strong>.<\/p>\n<p><img decoding=\"async\" alt=\"\" class=\"image screenshot\" src=\"https:\/\/www.europesays.com\/pt\/wp-content\/uploads\/2025\/11\/download-1_dthu.jpg\"  viewbox=\"0 0 16 9\"\/><\/p>\n<p>Pris\u00e3o da mente<\/p>\n<p>O cl\u00e1ssico de fic\u00e7\u00e3o cient\u00edfica fez um t\u00edmido retorno gra\u00e7as a novas remasteriza\u00e7\u00f5es e edi\u00e7\u00f5es f\u00edsicas, emergindo da obscuridade em que permaneceu por d\u00e9cadas ap\u00f3s seu sucesso de bilheteria de mais de 100 milh\u00f5es de d\u00f3lares. Jennifer Lopez estrela o filme surrealista e ousado, que est\u00e1 dispon\u00edvel para compra ou aluguel no Prime Video.<\/p>\n<p>O filme marcou a estreia de Tarsem Singh na dire\u00e7\u00e3o de longas-metragens, infundindo uma est\u00e9tica surreal, fant\u00e1stica e \u00fanica no cinema do in\u00edcio do s\u00e9culo XXI. A Cela torna-se, assim, uma obra fundamental, preenchendo a lacuna entre a ousadia desenfreada e um entretenimento psicopata t\u00edpico dos anos 90.<\/p>\n<p>O roteiro se esfor\u00e7a para ser totalmente bem-sucedido, mas a incr\u00edvel imagina\u00e7\u00e3o audiovisual de Tarsem surpreendentemente facilita a imers\u00e3o nos reinos abstratos do subconsciente. Seus visuais s\u00e3o cativantes, mesmo que se aventurem por um territ\u00f3rio bastante sombrio, como se poderia esperar ao tentar retratar uma mente perturbada.<\/p>\n<p>O projeto serve como um interessante campo de testes para o que se tornaria um dos cl\u00e1ssicos definitivos deste s\u00e9culo, Dubl\u00ea de Anjo, e um forte cart\u00e3o de visitas para um cineasta com um universo visual incrivelmente rico. Infelizmente, muitas pessoas se esqueceram de A Cela, um t\u00edtulo emblem\u00e1tico que merece permanecer no imagin\u00e1rio cultural coletivo.<\/p>\n<p>Inscreva-se no canal do<strong> IGN Brasil <\/strong>no <a href=\"https:\/\/www.youtube.com\/c\/ignbrasil\" rel=\"noopener nofollow\" target=\"_blank\">Youtube<\/a> e visite as nossas p\u00e1ginas no <a href=\"https:\/\/www.facebook.com\/ignbrasil\/\" rel=\"noopener nofollow\" target=\"_blank\">Facebook<\/a>, <a href=\"https:\/\/twitter.com\/IGNBrasil\" rel=\"noopener nofollow\" target=\"_blank\">Twitter<\/a>, <a href=\"https:\/\/www.instagram.com\/ignbrasil\/\" rel=\"noopener nofollow\" target=\"_blank\">Instagram<\/a> e <a href=\"https:\/\/www.twitch.tv\/ignbrasil\" rel=\"noopener nofollow\" target=\"_blank\">Twitch<\/a>!<\/p>\n<p>                <script async src=\"https:\/\/platform.twitter.com\/widgets.js\" charset=\"utf-8\"><\/script><script async src=\"\/\/www.instagram.com\/embed.js\"><\/script><\/p>\n","protected":false},"excerpt":{"rendered":"Os anos 90 foram uma era particularmente prol\u00edfica para suspenses sobre psicopatas e assassinos em s\u00e9rie, impulsionados pelo&hellip;\n","protected":false},"author":2,"featured_media":146140,"comment_status":"","ping_status":"","sticky":false,"template":"","format":"standard","meta":{"footnotes":""},"categories":[140],"tags":[114,115,147,148,146,32,33],"class_list":{"0":"post-146139","1":"post","2":"type-post","3":"status-publish","4":"format-standard","5":"has-post-thumbnail","7":"category-filmes","8":"tag-entertainment","9":"tag-entretenimento","10":"tag-film","11":"tag-filmes","12":"tag-movies","13":"tag-portugal","14":"tag-pt"},"share_on_mastodon":{"url":"https:\/\/pubeurope.com\/@pt\/115523216010500146","error":""},"_links":{"self":[{"href":"https:\/\/www.europesays.com\/pt\/wp-json\/wp\/v2\/posts\/146139","targetHints":{"allow":["GET"]}}],"collection":[{"href":"https:\/\/www.europesays.com\/pt\/wp-json\/wp\/v2\/posts"}],"about":[{"href":"https:\/\/www.europesays.com\/pt\/wp-json\/wp\/v2\/types\/post"}],"author":[{"embeddable":true,"href":"https:\/\/www.europesays.com\/pt\/wp-json\/wp\/v2\/users\/2"}],"replies":[{"embeddable":true,"href":"https:\/\/www.europesays.com\/pt\/wp-json\/wp\/v2\/comments?post=146139"}],"version-history":[{"count":0,"href":"https:\/\/www.europesays.com\/pt\/wp-json\/wp\/v2\/posts\/146139\/revisions"}],"wp:featuredmedia":[{"embeddable":true,"href":"https:\/\/www.europesays.com\/pt\/wp-json\/wp\/v2\/media\/146140"}],"wp:attachment":[{"href":"https:\/\/www.europesays.com\/pt\/wp-json\/wp\/v2\/media?parent=146139"}],"wp:term":[{"taxonomy":"category","embeddable":true,"href":"https:\/\/www.europesays.com\/pt\/wp-json\/wp\/v2\/categories?post=146139"},{"taxonomy":"post_tag","embeddable":true,"href":"https:\/\/www.europesays.com\/pt\/wp-json\/wp\/v2\/tags?post=146139"}],"curies":[{"name":"wp","href":"https:\/\/api.w.org\/{rel}","templated":true}]}}