{"id":146150,"date":"2025-11-10T03:20:16","date_gmt":"2025-11-10T03:20:16","guid":{"rendered":"https:\/\/www.europesays.com\/pt\/146150\/"},"modified":"2025-11-10T03:20:16","modified_gmt":"2025-11-10T03:20:16","slug":"olhos-lindissimos-em-partilha-rara-miguel-moura-mostra-o-rosto-da-filha","status":"publish","type":"post","link":"https:\/\/www.europesays.com\/pt\/146150\/","title":{"rendered":"&#8220;Olhos lind\u00edssimos&#8221;: em partilha rara, Miguel Moura mostra o rosto da filha!"},"content":{"rendered":"<p>Um pai babado. Assim \u00e9 <a href=\"https:\/\/selfie.iol.pt\/famosos\/miguel-moura\/miguel-moura-revolta-se-mais-um-falso\/20251026\/68fdf871d34e58bc679751ae\" target=\"_blank\" rel=\"nofollow noopener\">Miguel Moura<\/a>. Prova disso \u00e9 a fotografia que o pr\u00f3prio partilhou, no Instagram, e cuja protagonista \u00e9 a filha, Ema.<\/p>\n<p>&#8220;A minha Ema&#8221;, assinalou o cantor na legenda de uma imagem, na qual ganham destaque os olhos azuis da beb\u00e9, <a href=\"https:\/\/selfie.iol.pt\/famosos\/miguel-moura\/miguel-moura-mostra-foto-inedita-da-filha-recem-nascida-estou-tao-feliz-por-te-ter-nos-meus-bracos\/20250304\/67c76371d34ef72ee443089b\" target=\"_blank\" rel=\"nofollow noopener\">nascida no passado m\u00eas de mar\u00e7o<\/a>.<\/p>\n<p>Da\u00ed que, na caixa de coment\u00e1rios da publica\u00e7\u00e3o, os seguidores se tenham mostrado rendidos. &#8220;Olhos lind\u00edssimos&#8221;; &#8220;Maravilhosa&#8221; e &#8220;Olhos da cor do mar&#8221;, pode ler-se.<\/p>\n<p>Veja, agora, a imagem partilhada por Miguel Moura na galeria de fotografias que prepar\u00e1mos para si.<\/p>\n","protected":false},"excerpt":{"rendered":"Um pai babado. Assim \u00e9 Miguel Moura. Prova disso \u00e9 a fotografia que o pr\u00f3prio partilhou, no Instagram,&hellip;\n","protected":false},"author":2,"featured_media":146151,"comment_status":"","ping_status":"","sticky":false,"template":"","format":"standard","meta":{"footnotes":""},"categories":[145],"tags":[1710,211,210,114,115,981,980,1870,1015,32009,619,32,33,1012],"class_list":{"0":"post-146150","1":"post","2":"type-post","3":"status-publish","4":"format-standard","5":"has-post-thumbnail","7":"category-celebridades","8":"tag-cantor","9":"tag-celebridades","10":"tag-celebrities","11":"tag-entertainment","12":"tag-entretenimento","13":"tag-familia","14":"tag-famosos","15":"tag-filhos","16":"tag-instagram","17":"tag-miguel-moura","18":"tag-nacional","19":"tag-portugal","20":"tag-pt","21":"tag-selfie"},"share_on_mastodon":{"url":"https:\/\/pubeurope.com\/@pt\/115523251235589684","error":""},"_links":{"self":[{"href":"https:\/\/www.europesays.com\/pt\/wp-json\/wp\/v2\/posts\/146150","targetHints":{"allow":["GET"]}}],"collection":[{"href":"https:\/\/www.europesays.com\/pt\/wp-json\/wp\/v2\/posts"}],"about":[{"href":"https:\/\/www.europesays.com\/pt\/wp-json\/wp\/v2\/types\/post"}],"author":[{"embeddable":true,"href":"https:\/\/www.europesays.com\/pt\/wp-json\/wp\/v2\/users\/2"}],"replies":[{"embeddable":true,"href":"https:\/\/www.europesays.com\/pt\/wp-json\/wp\/v2\/comments?post=146150"}],"version-history":[{"count":0,"href":"https:\/\/www.europesays.com\/pt\/wp-json\/wp\/v2\/posts\/146150\/revisions"}],"wp:featuredmedia":[{"embeddable":true,"href":"https:\/\/www.europesays.com\/pt\/wp-json\/wp\/v2\/media\/146151"}],"wp:attachment":[{"href":"https:\/\/www.europesays.com\/pt\/wp-json\/wp\/v2\/media?parent=146150"}],"wp:term":[{"taxonomy":"category","embeddable":true,"href":"https:\/\/www.europesays.com\/pt\/wp-json\/wp\/v2\/categories?post=146150"},{"taxonomy":"post_tag","embeddable":true,"href":"https:\/\/www.europesays.com\/pt\/wp-json\/wp\/v2\/tags?post=146150"}],"curies":[{"name":"wp","href":"https:\/\/api.w.org\/{rel}","templated":true}]}}