{"id":146212,"date":"2025-11-10T04:46:14","date_gmt":"2025-11-10T04:46:14","guid":{"rendered":"https:\/\/www.europesays.com\/pt\/146212\/"},"modified":"2025-11-10T04:46:14","modified_gmt":"2025-11-10T04:46:14","slug":"belenenses-2x1-cd-mafra-resumo-destaques-e-cronica-do-jogo-zerozero-pt","status":"publish","type":"post","link":"https:\/\/www.europesays.com\/pt\/146212\/","title":{"rendered":"Belenenses 2&#215;1 CD Mafra &#8211; Resumo, Destaques e Cr\u00f3nica do Jogo &#8211; zerozero.pt"},"content":{"rendered":"<ol>\n<li><a href=\"https:\/\/news.google.com\/rss\/articles\/CBMihAFBVV95cUxOVUN0OGF0SXZVbjJSZ2hmWEtsdXlrQ1J6dnJlUDE3WVl4Wnd0RUhpdzludVhZYXA1NThTRVF0OVE1eVA4MDh4SW1fNXNOOFFrRHkwbUlIZE5xd0lKaGRIRHlpNGJtMmROMjFpYXU4TzZBOU10SDZmekx5bWZlTTRVd2NlX1U?oc=5\" target=\"_blank\" rel=\"nofollow noopener\">Belenenses 2&#215;1 CD Mafra &#8211; Resumo, Destaques e Cr\u00f3nica do Jogo<\/a>&nbsp;&nbsp;zerozero.pt<\/li>\n<li><a href=\"https:\/\/news.google.com\/rss\/articles\/CBMivwFBVV95cUxPODBLVnR1a0N1RERrbk42SVg5TElTbGFRSkZfejBSRWlhcFM2ZVVmQkI2Vk5lc2NfTS1jaWZVaG1ndlFWUjdKVWVmdlk3SUFXS3EyOUx6Q3AySjJ1M2xlYmxQYkVxUGYwYlpjWC1tUC1kUVVwbkdBN3pGSElOLWthd1Y4TjNDR0NQcWktalJ3YkZhMWRpYlZhb3JGVGx3dk9ldnN1ZURseWFSTWkzbjZ2ZFJ2Y0I3U0NUQ3FiS2xNaw?oc=5\" target=\"_blank\" rel=\"nofollow noopener\">Liga 3: Belenenses decide de pen\u00e1lti (pol\u00e9mico)\u2026 e retira lideran\u00e7a ao Mafra<\/a>&nbsp;&nbsp;A Bola<\/li>\n<li><a href=\"https:\/\/news.google.com\/rss\/articles\/CBMirAFBVV95cUxOeTh4Um1HVDhIZ2Yxem1fa21lcngwbUt3X2o0Y3E1MS1kbzFjVnBQN3F5SkNrdHBKTkZ5R0dmS29qNURiNFFhVFc4UGNuWHcwODdGTlNCRGhxZjRyWmJsdGpRcmpzeGNkMjFQcGE3NTdSMjNuMnlfNW5vbGVzalM1aVAwbEdXR2xGQXkyZ0t1OTZPNW1mcjNUZllvdTBxem1JcTRGdko5RTZoY2lK?oc=5\" target=\"_blank\" rel=\"nofollow noopener\">Liga Portugal Betclic (11\u00aaJ): Resumo Flash Braga 2-1 Moreirense<\/a>&nbsp;&nbsp;SAPO<\/li>\n<li><a href=\"https:\/\/news.google.com\/rss\/articles\/CBMifkFVX3lxTE1BWVdpeWd2VnpQVVhONjROeVZGT1pLNEZTT2FpWjN1MzVhcE0zUVJobG4taXFQY3NhQkMzeXJ2bnVSZ2ZMdE5tam9teDd2Mkl6QTJhY0pMUEdGOHFlREgycDNIYVlLMURqY185ZE1WTmNqNkVNZDlQLTM5UkZrZw?oc=5\" target=\"_blank\" rel=\"nofollow noopener\">BELENENSES SOBE \u00c0 LIDERAN\u00c7A<\/a>&nbsp;&nbsp;FPF<\/li>\n<li><a href=\"https:\/\/news.google.com\/rss\/articles\/CBMiiwFBVV95cUxNMWNEcDdZdi1yYnp1NEdVUklKRW91UnlHZFluVFRhT01UampBejhlenVOTk1hTVpEcGJDbFVTdjhfeURJRkZ3U0o3cURXNmNxWUtzYV9wVEhYRTV4TzBFZnBnVUt6UGZNdkRDM1A4SGFMTW1YNnFxV0FqdERtdmdBQmtDYjJuVFRucUhj?oc=5\" target=\"_blank\" rel=\"nofollow noopener\">Futebol | L\u00edder Mafra vai ao Restelo defrontar o Belenenses<\/a>&nbsp;&nbsp;Jornal de Mafra<\/li>\n<\/ol>\n","protected":false},"excerpt":{"rendered":"Belenenses 2&#215;1 CD Mafra &#8211; Resumo, Destaques e Cr\u00f3nica do Jogo&nbsp;&nbsp;zerozero.pt Liga 3: Belenenses decide de pen\u00e1lti (pol\u00e9mico)\u2026&hellip;\n","protected":false},"author":2,"featured_media":146213,"comment_status":"","ping_status":"","sticky":false,"template":"","format":"standard","meta":{"footnotes":""},"categories":[87],"tags":[3056,2685,135,16996,870,2698,526,31454,524,1003,6027,13,32,33,527,31535,525,134,31536,2697,523],"class_list":{"0":"post-146212","1":"post","2":"type-post","3":"status-publish","4":"format-standard","5":"has-post-thumbnail","7":"category-desporto","8":"tag-ao-vivo","9":"tag-bola","10":"tag-desporto","11":"tag-europeu","12":"tag-eventos","13":"tag-fifa","14":"tag-football","15":"tag-forum","16":"tag-futebol","17":"tag-liga-dos-campeoes","18":"tag-mundial","19":"tag-noticias","20":"tag-portugal","21":"tag-pt","22":"tag-resultados","23":"tag-resultados-em-directo","24":"tag-soccer","25":"tag-sports","26":"tag-torneios","27":"tag-uefa","28":"tag-zerozero"},"share_on_mastodon":{"url":"https:\/\/pubeurope.com\/@pt\/115523589473718335","error":""},"_links":{"self":[{"href":"https:\/\/www.europesays.com\/pt\/wp-json\/wp\/v2\/posts\/146212","targetHints":{"allow":["GET"]}}],"collection":[{"href":"https:\/\/www.europesays.com\/pt\/wp-json\/wp\/v2\/posts"}],"about":[{"href":"https:\/\/www.europesays.com\/pt\/wp-json\/wp\/v2\/types\/post"}],"author":[{"embeddable":true,"href":"https:\/\/www.europesays.com\/pt\/wp-json\/wp\/v2\/users\/2"}],"replies":[{"embeddable":true,"href":"https:\/\/www.europesays.com\/pt\/wp-json\/wp\/v2\/comments?post=146212"}],"version-history":[{"count":0,"href":"https:\/\/www.europesays.com\/pt\/wp-json\/wp\/v2\/posts\/146212\/revisions"}],"wp:featuredmedia":[{"embeddable":true,"href":"https:\/\/www.europesays.com\/pt\/wp-json\/wp\/v2\/media\/146213"}],"wp:attachment":[{"href":"https:\/\/www.europesays.com\/pt\/wp-json\/wp\/v2\/media?parent=146212"}],"wp:term":[{"taxonomy":"category","embeddable":true,"href":"https:\/\/www.europesays.com\/pt\/wp-json\/wp\/v2\/categories?post=146212"},{"taxonomy":"post_tag","embeddable":true,"href":"https:\/\/www.europesays.com\/pt\/wp-json\/wp\/v2\/tags?post=146212"}],"curies":[{"name":"wp","href":"https:\/\/api.w.org\/{rel}","templated":true}]}}