{"id":146216,"date":"2025-11-10T04:54:13","date_gmt":"2025-11-10T04:54:13","guid":{"rendered":"https:\/\/www.europesays.com\/pt\/146216\/"},"modified":"2025-11-10T04:54:13","modified_gmt":"2025-11-10T04:54:13","slug":"ator-da-tvi-impressiona-com-transformacao-fisica-drastica-e-incrivel-como-um-corpo-pode-mudar-tanto","status":"publish","type":"post","link":"https:\/\/www.europesays.com\/pt\/146216\/","title":{"rendered":"Ator da TVI impressiona com transforma\u00e7\u00e3o f\u00edsica dr\u00e1stica: \u00ab\u00c9 incr\u00edvel como um corpo pode mudar tanto\u00bb"},"content":{"rendered":"<p><strong>Salvador Nery<\/strong> passou recentemente por uma transforma\u00e7\u00e3o f\u00edsica dr\u00e1stica e partilhou o processo com amigos e seguidores nas redes sociais. O tema foi comentado no <strong><a href=\"https:\/\/tvi.iol.pt\/vmais\/programa\/v-fama\/66aa431ed34ea1acf26cda0d\" target=\"_blank\" rel=\"nofollow noopener\">V+ Fama<\/a><\/strong>\u00a0do dia 7 de novembro de 2025.<\/p>\n<p><strong>O ator da TVI impressionou todos<\/strong> os presentes em est\u00fadio com a sua nova imagem:\u00a0<strong>\u00ab\u00c9 incr\u00edvel como um corpo pode mudar tanto\u00bb<\/strong>, refor\u00e7ou Cl\u00e1udia Jacques, tendo em conta que tal foi conquistado em apenas alguns meses.<\/p>\n<p>Salvador Nery nasceu em Lisboa, a 26 de dezembro de 1989, e iniciou-se na representa\u00e7\u00e3o ainda em crian\u00e7a. Na <strong data-end=\"352\" data-start=\"345\">TVI<\/strong>, destacou-se em novelas de sucesso, como\u00a0Amar Demais (2020), Queridos Pap\u00e1s (2023) e Cacau (2024), onde demonstrou a sua versatilidade como ator.<\/p>\n<p>Para al\u00e9m da fic\u00e7\u00e3o televisiva, Salvador Nery tem participado em produ\u00e7\u00f5es de cinema, como Parque Mayer e Gabriel, e em teatro, consolidando-se como um int\u00e9rprete multifacetado. \u00c9 tamb\u00e9m uma voz reconhecida no universo da dobragem, tendo emprestado o seu timbre a diversas s\u00e9ries e filmes de anima\u00e7\u00e3o. O seu percurso revela uma carreira marcada pela consist\u00eancia, talento e capacidade de adapta\u00e7\u00e3o a diferentes registos art\u00edsticos.<\/p>\n","protected":false},"excerpt":{"rendered":"Salvador Nery passou recentemente por uma transforma\u00e7\u00e3o f\u00edsica dr\u00e1stica e partilhou o processo com amigos e seguidores nas&hellip;\n","protected":false},"author":2,"featured_media":146217,"comment_status":"","ping_status":"","sticky":false,"template":"","format":"standard","meta":{"footnotes":""},"categories":[145],"tags":[73,1244,72,66,211,210,114,115,77,69,75,71,67,32,33,32012,76,74,70,35,162,78,68],"class_list":{"0":"post-146216","1":"post","2":"type-post","3":"status-publish","4":"format-standard","5":"has-post-thumbnail","7":"category-celebridades","8":"tag-a-jornada","9":"tag-ator","10":"tag-bate-bola","11":"tag-bom-dia-alegria","12":"tag-celebridades","13":"tag-celebrities","14":"tag-entertainment","15":"tag-entretenimento","16":"tag-estudio-estadio","17":"tag-fanaticos","18":"tag-livre-e-direto","19":"tag-nova-geracao","20":"tag-para-si","21":"tag-portugal","22":"tag-pt","23":"tag-salvador-nery","24":"tag-segredos-do-prazer","25":"tag-segue-o-jogo","26":"tag-super-craques","27":"tag-transferencias","28":"tag-tvi","29":"tag-v-fama","30":"tag-var-aberto"},"share_on_mastodon":{"url":"https:\/\/pubeurope.com\/@pt\/115523620888449451","error":""},"_links":{"self":[{"href":"https:\/\/www.europesays.com\/pt\/wp-json\/wp\/v2\/posts\/146216","targetHints":{"allow":["GET"]}}],"collection":[{"href":"https:\/\/www.europesays.com\/pt\/wp-json\/wp\/v2\/posts"}],"about":[{"href":"https:\/\/www.europesays.com\/pt\/wp-json\/wp\/v2\/types\/post"}],"author":[{"embeddable":true,"href":"https:\/\/www.europesays.com\/pt\/wp-json\/wp\/v2\/users\/2"}],"replies":[{"embeddable":true,"href":"https:\/\/www.europesays.com\/pt\/wp-json\/wp\/v2\/comments?post=146216"}],"version-history":[{"count":0,"href":"https:\/\/www.europesays.com\/pt\/wp-json\/wp\/v2\/posts\/146216\/revisions"}],"wp:featuredmedia":[{"embeddable":true,"href":"https:\/\/www.europesays.com\/pt\/wp-json\/wp\/v2\/media\/146217"}],"wp:attachment":[{"href":"https:\/\/www.europesays.com\/pt\/wp-json\/wp\/v2\/media?parent=146216"}],"wp:term":[{"taxonomy":"category","embeddable":true,"href":"https:\/\/www.europesays.com\/pt\/wp-json\/wp\/v2\/categories?post=146216"},{"taxonomy":"post_tag","embeddable":true,"href":"https:\/\/www.europesays.com\/pt\/wp-json\/wp\/v2\/tags?post=146216"}],"curies":[{"name":"wp","href":"https:\/\/api.w.org\/{rel}","templated":true}]}}