{"id":146220,"date":"2025-11-10T05:08:13","date_gmt":"2025-11-10T05:08:13","guid":{"rendered":"https:\/\/www.europesays.com\/pt\/146220\/"},"modified":"2025-11-10T05:08:13","modified_gmt":"2025-11-10T05:08:13","slug":"ana-marques-desabafa-sobre-problema-de-saude-e-ha-uma-coincidencia-impressionante-nao-havia-como-fugir","status":"publish","type":"post","link":"https:\/\/www.europesays.com\/pt\/146220\/","title":{"rendered":"Ana Marques desabafa sobre problema de sa\u00fade&#8230; e h\u00e1 uma coincid\u00eancia impressionante: &#8220;N\u00e3o havia como fugir&#8221;"},"content":{"rendered":"<p>Recentemente, no Instagram, <a href=\"https:\/\/selfie.iol.pt\/famosos\/manuel-marques\/manuel-marques-revela-pedido-de-ana-marques-e-cumpre-o-a-rigor\/20250917\/68c9c731d34ee0c2fed02c94\" target=\"_blank\" rel=\"nofollow noopener\">Ana Marques<\/a> deixou um desabafo sobre um problema de sa\u00fade com o qual a apresentadora, de 54 anos, tem de lidar: enxaquecas.<\/p>\n<p>&#8220;Costumo dizer que sofro de enxaquecas, n\u00e3o por causas cl\u00ednicas mas por efem\u00e9ride. \u00c9 que o dia dos meus anos \u00e9 tamb\u00e9m o Dia Europeu para a Ac\u00e7\u00e3o Contra a Enxaqueca. N\u00e3o havia como fugir. Fatalidade absoluta&#8221;, come\u00e7ou por referir Ana Marques, destacando, assim, esta coincid\u00eancia curiosa.<\/p>\n<p>De seguida, a comunicadora assinalou: &#8220;Ao longo dos anos, e com saber de experi\u00eancia, fui aprendendo todos os cantos e recantos manhosos desta doen\u00e7a. \u00c0 conta disso, percebi tamb\u00e9m que h\u00e1 muita gente que a confunde como sin\u00f3nimo de dor de cabe\u00e7a.&#8221;<\/p>\n<p>&#8220;H\u00e1 dias &#8211; sabe Deus porqu\u00ea &#8211; que o nosso corpo est\u00e1 mesmo com vontadinha de se agarrar a uma crise. E para concretiz\u00e1-la n\u00e3o \u00e9 preciso grande coisa. Basta que demos de caras com um destes gatilhos banais do quotidiano. Agrad\u00e1veis para o comum dos saud\u00e1veis e t\u00e3o &#8216;mort\u00edferos&#8217; para as v\u00edtimas deste monstrinho&#8221;, referiu, ainda, na legenda de um v\u00eddeo, no qual d\u00e1 exemplos de alguns desses gatilhos, como cheiros de velas arom\u00e1ticas.<\/p>\n<p>Veja, agora, o v\u00eddeo. E n\u00e3o deixe de espreitar algumas das melhores imagens de Ana Marques nas galerias de fotografias que prepar\u00e1mos para si.<\/p>\n<blockquote class=\"instagram-media\" data-instgrm-captioned=\"\" data-instgrm-permalink=\"https:\/\/www.instagram.com\/p\/C3s143TIaeY\/?utm_source=ig_embed&amp;utm_campaign=loading\" data-instgrm-version=\"14\" style=\" background:#FFF; border:0; border-radius:3px; box-shadow:0 0 1px 0 rgba(0,0,0,0.5),0 1px 10px 0 rgba(0,0,0,0.15); margin: 1px; max-width:540px; min-width:326px; padding:0; width:99.375%; width:-webkit-calc(100% - 2px); width:calc(100% - 2px);\">\n<\/blockquote>\n<p>                        <script async src=\"\/\/www.instagram.com\/embed.js\"><\/script><\/p>\n","protected":false},"excerpt":{"rendered":"Recentemente, no Instagram, Ana Marques deixou um desabafo sobre um problema de sa\u00fade com o qual a apresentadora,&hellip;\n","protected":false},"author":2,"featured_media":146221,"comment_status":"","ping_status":"","sticky":false,"template":"","format":"standard","meta":{"footnotes":""},"categories":[145],"tags":[32018,3539,211,210,114,115,32019,980,1015,619,32,33,117,1012,1751],"class_list":{"0":"post-146220","1":"post","2":"type-post","3":"status-publish","4":"format-standard","5":"has-post-thumbnail","7":"category-celebridades","8":"tag-ana-marques","9":"tag-apresentadora","10":"tag-celebridades","11":"tag-celebrities","12":"tag-entertainment","13":"tag-entretenimento","14":"tag-enxaquecas","15":"tag-famosos","16":"tag-instagram","17":"tag-nacional","18":"tag-portugal","19":"tag-pt","20":"tag-saude","21":"tag-selfie","22":"tag-sic"},"share_on_mastodon":{"url":"https:\/\/pubeurope.com\/@pt\/115523675915331632","error":""},"_links":{"self":[{"href":"https:\/\/www.europesays.com\/pt\/wp-json\/wp\/v2\/posts\/146220","targetHints":{"allow":["GET"]}}],"collection":[{"href":"https:\/\/www.europesays.com\/pt\/wp-json\/wp\/v2\/posts"}],"about":[{"href":"https:\/\/www.europesays.com\/pt\/wp-json\/wp\/v2\/types\/post"}],"author":[{"embeddable":true,"href":"https:\/\/www.europesays.com\/pt\/wp-json\/wp\/v2\/users\/2"}],"replies":[{"embeddable":true,"href":"https:\/\/www.europesays.com\/pt\/wp-json\/wp\/v2\/comments?post=146220"}],"version-history":[{"count":0,"href":"https:\/\/www.europesays.com\/pt\/wp-json\/wp\/v2\/posts\/146220\/revisions"}],"wp:featuredmedia":[{"embeddable":true,"href":"https:\/\/www.europesays.com\/pt\/wp-json\/wp\/v2\/media\/146221"}],"wp:attachment":[{"href":"https:\/\/www.europesays.com\/pt\/wp-json\/wp\/v2\/media?parent=146220"}],"wp:term":[{"taxonomy":"category","embeddable":true,"href":"https:\/\/www.europesays.com\/pt\/wp-json\/wp\/v2\/categories?post=146220"},{"taxonomy":"post_tag","embeddable":true,"href":"https:\/\/www.europesays.com\/pt\/wp-json\/wp\/v2\/tags?post=146220"}],"curies":[{"name":"wp","href":"https:\/\/api.w.org\/{rel}","templated":true}]}}