{"id":146222,"date":"2025-11-10T05:11:12","date_gmt":"2025-11-10T05:11:12","guid":{"rendered":"https:\/\/www.europesays.com\/pt\/146222\/"},"modified":"2025-11-10T05:11:12","modified_gmt":"2025-11-10T05:11:12","slug":"leandro-carrega-no-segredo-de-marisa-e-pedro-a-casa-parou-e-foi-isto-que-aconteceu-secret-story","status":"publish","type":"post","link":"https:\/\/www.europesays.com\/pt\/146222\/","title":{"rendered":"Leandro carrega no segredo de Marisa e Pedro. A casa parou e foi isto que aconteceu &#8211; Secret Story"},"content":{"rendered":"<p>A gala deste domingo do Secret Story 9 ficou marcada por um momento impactante: Leandro carregou no segredo de Marisa e Pedro e deixou a casa toda em suspenso.\u00a0<\/p>\n<p>Ap\u00f3s uma<a href=\"https:\/\/tvi.iol.pt\/secretstory\/marisa\/pedro\/em-lagrimas-marisa-nao-perdoa-pedro-e-recebe-apoio-dos-colegas-menos-de-uma-que-fica-do-lado-dele\" rel=\"nofollow noopener\" target=\"_blank\"> semana turbulenta entre Marisa e Pedro, com muitas discuss\u00f5es<\/a> \u00e0 mistura, os concorrentes come\u00e7aram a ficar cada vez mais desconfiados de que havia algo a uni-los e Leandro deu o passo seguinte.<\/p>\n<p><strong>Hoje na gala, o concorrente carregou no bot\u00e3o dos segredos para desvendar o que pensava ser o segredo de Pedro e Marisa: \u00abSomos um ex-casal\u00bb.\u00a0<\/strong><\/p>\n<p>A casa ficou em suspenso e expectante que este fosse realmente o segredo dos dois, mas tudo foi abaixo quando a Voz avisou que Leandro n\u00e3o estava certo e a confus\u00e3o instalou-se ainda mais.<\/p>\n<p>O que eles n\u00e3o sabem \u00e9 que Pedro e Marisa n\u00e3o s\u00e3o um ex-casal, mas sim um casal verdadeiro. Contudo &#8211; e para dificultar mais a situa\u00e7\u00e3o &#8211; eles n\u00e3o t\u00eam um segredo conjunto. O segredo dela \u00e9 \u00abo meu marido est\u00e1 na casa\u00bb e o dele \u00aba m\u00e3e dos meus filhos est\u00e1 na casa\u00bb.\u00a0<\/p>\n<p>Percorra a galeria de fotografias que prepar\u00e1mos para si com as imagens da bonita fam\u00edlia de Marisa e Pedro fora do Secret Story.\u00a0<\/p>\n<p>Rela\u00e7\u00e3o esteve perto do fim <\/p>\n<p>Pedro e Marisa viveram tempos conturbados na semana que passou e a rela\u00e7\u00e3o dos dois esteve perto do fim.\u00a0<a href=\"https:\/\/tvi.iol.pt\/secretstory\/videos\/relacao-de-marisa-e-pedro-chega-ao-fim-as-imagens-mais-fortes-da-decisao-drastica\/6908c8760cf229bd2f8d35ef\" rel=\"nofollow noopener\" target=\"_blank\">Pedro decidiu terminar tudo com Marisa<\/a>, ap\u00f3s uma intensa troca de acusa\u00e7\u00f5es e farpas ferozes entre os dois.\u00a0<\/p>\n<p>Mas afinal, o que levou a tudo isto? As coisas j\u00e1 n\u00e3o estavam a 100% h\u00e1 algumas semanas, com o casal enfrentar muitos altos e baixos &#8211; v\u00e1rias discuss\u00f5es, situa\u00e7\u00f5es tensas, mas tamb\u00e9m momentos de carinho em que parecia que se iam entender finalmente.\u00a0<\/p>\n<p>Contudo, &#8216;a gota de \u00e1gua&#8217; aconteceu\u00a0<a href=\"https:\/\/tvi.iol.pt\/secretstory\/videos\/marisa-passada-com-pedro-anda-a-gastar-o-dinheiro-que-eu-lhe-dei-em-almocos-com-as-meninas\/6907d5dd0cf229bd2f8d357e\" rel=\"nofollow noopener\" target=\"_blank\">na gala de domingo do Secret Story, onde Marisa viu imagens de Pedro<\/a> que n\u00e3o gostou: \u00abAnda a gastar o dinheiro que eu lhe dei em almo\u00e7os com as meninas\u00bb, disse, referindo-se a Pedro ter pago para almo\u00e7ar a s\u00f3s com Liliana.\u00a0<\/p>\n<p>No fim da noite Pedro teve uma conversa privada com Liliana, o que piorou ainda mais as coisas com Marisa e os dois foram dormir chateados. J\u00e1 esta manh\u00e3 tiveram uma discuss\u00e3o muito feia precisamente por causa dessa conversa e de tarde que o &#8216;verniz estalou&#8217; de vez.\u00a0<\/p>\n<p>Pedro aproveitou para dizer a Marisa que ela n\u00e3o tinha &#8216;moral&#8217; para falar, porque tamb\u00e9m estava muito pr\u00f3xima de Bruno. Marisa garantiu que n\u00e3o ia deixar que a imagem dela fosse manchada l\u00e1 fora por causa dele e Pedro ripostou \u00abpara mim j\u00e1 pode ficar manchada\u00bb.\u00a0<\/p>\n<p>Foi nesse momento que Pedro virou costas a Marisa e p\u00f4s um ponto final: \u00abVou pegar nas minhas coisinhas que j\u00e1 est\u00e3o todas arrumadas e vou-me embora. Podes ter a certeza que \u00e9 agora. E para mim est\u00e1 tudo acabado, se n\u00e3o estava j\u00e1. Podes fazer o que tu quiseres\u00bb, disse. Ela n\u00e3o se deixou ficar e respondeu: \u00abBoa viagem\u00bb.\u00a0<\/p>\n<p><strong>Noite de l\u00e1grimas e desilus\u00e3o<\/strong> <\/p>\n<p>No Especial da passada segunda-feira, ao ver as imagens dos \u00faltimos acontecimentos, <a href=\"https:\/\/tvi.iol.pt\/secretstory\/videos\/marisa-chora-compulsivamente-e-e-chamada-ao-confessionario-se-conhecesse-o-pedro-como-aqui-ele-valia-zero\/690923a10cf2559133760156\" rel=\"nofollow noopener\" target=\"_blank\">Marisa desatou num pranto tal que Cristina Ferreira a chamou ao confession\u00e1rio<\/a> para que ela pudesse desabafar mais \u00e0 vontade e dizer tudo o que lhe ia na alma.\u00a0<\/p>\n<p>Marisa n\u00e3o conteve a desilus\u00e3o com Pedro por tudo o que se passou: \u00abSe eu conhecesse o Pedro s\u00f3 aqui na casa para mim valia zero\u00bb, disse, insistindo que n\u00e3o foi por esta pessoa que se apaixono e que n\u00e3o o reconhece nestas atitudes: \u00abN\u00e3o conhe\u00e7o o Pedro aqui no jogo (&#8230;) O Pedro n\u00e3o \u00e9 isto\u00bb.\u00a0<\/p>\n<p>\u00abSe eu olhar para os olhos do Pedro depois de tudo o que ele tem vindo a fazer eu s\u00f3 sinto raiva, porque eu n\u00e3o mere\u00e7o que ele me trate assim (&#8230;) estou a sofrer imenso, porque ele\u00a0est\u00e1 sempre a enxovalhar-me, a criticar-me, a desrespeitar-me, tudo aqui dentro\u00bb, disse Marisa lavada em l\u00e1grimas.\u00a0<\/p>\n<p>J\u00e1 depois do Especial, <a href=\"https:\/\/tvi.iol.pt\/secretstory\/videos\/marisa-nao-poupa-pedro-jorge-custou-me-mais-ouvir-aquilo-do-que-levar-uma-chapada\/6909c9d20cf255913376019f\" rel=\"nofollow noopener\" target=\"_blank\">a concorrente continuou a criticar o marido, visivelmente abalada <\/a>e recebeu apoio da parte de todos os colegas, com uma exce\u00e7\u00e3o: Marisa Susana mostrou-se do lado de Pedro, condenando a postura de Marisa para com ele.\u00a0<\/p>\n<p>Em conversa com F\u00e1bio na casa de banho<a href=\"https:\/\/tvi.iol.pt\/secretstory\/videos\/marisa-susana-critica-marisa-teve-o-dia-todo-para-falar-com-o-pedro-e-esperou-pelo-direto\/6909bb3d0cf229bd2f8d36c1\" rel=\"nofollow noopener\" target=\"_blank\">, Marisa Susana criticou Marisa, considerando que a concorrente \u00abteve o dia todo\u00bb para falar <\/a>com Pedro sobre as palavras que a magoaram e esperou pela noite, no Especial, para o fazer, algo que considera errado.\u00a0<\/p>\n<p>Depois, j\u00e1 na sala e diretamente em conversa com Marisa,<a href=\"https:\/\/tvi.iol.pt\/secretstory\/videos\/marisa-susana-condena-marisa-pela-atitude-que-esta-a-ter-com-pedro-por-isso-e-que-nao-confio-em-ti\/6909bcc60cf2559133760193\" rel=\"nofollow noopener\" target=\"_blank\"> Marisa Susana confrontou-a, chamando a aten\u00e7\u00e3o<\/a> para a forma como acha que ela est\u00e1 \u00aba queimar\u00bb Pedro. Marisa n\u00e3o gostou e atirou: \u00abAinda h\u00e1s-de engolir tudo em seco no final do jogo\u00bb, disse referindo-se ao facto de eles serem um casal e ainda ningu\u00e9m saber.\u00a0<\/p>\n<p>\u00a0<\/p>\n<p>\u00a0<\/p>\n","protected":false},"excerpt":{"rendered":"A gala deste domingo do Secret Story 9 ficou marcada por um momento impactante: Leandro carregou no segredo&hellip;\n","protected":false},"author":2,"featured_media":146223,"comment_status":"","ping_status":"","sticky":false,"template":"","format":"standard","meta":{"footnotes":""},"categories":[142],"tags":[114,115,12397,19184,18800,14646,32,33,151,162,18801],"class_list":{"0":"post-146222","1":"post","2":"type-post","3":"status-publish","4":"format-standard","5":"has-post-thumbnail","7":"category-tv","8":"tag-entertainment","9":"tag-entretenimento","10":"tag-leandro","11":"tag-marisa","12":"tag-momentos-virais-secret-story","13":"tag-pedro","14":"tag-portugal","15":"tag-pt","16":"tag-tv","17":"tag-tvi","18":"tag-videos-virais-concorrentes"},"share_on_mastodon":{"url":"https:\/\/pubeurope.com\/@pt\/115523687745711060","error":""},"_links":{"self":[{"href":"https:\/\/www.europesays.com\/pt\/wp-json\/wp\/v2\/posts\/146222","targetHints":{"allow":["GET"]}}],"collection":[{"href":"https:\/\/www.europesays.com\/pt\/wp-json\/wp\/v2\/posts"}],"about":[{"href":"https:\/\/www.europesays.com\/pt\/wp-json\/wp\/v2\/types\/post"}],"author":[{"embeddable":true,"href":"https:\/\/www.europesays.com\/pt\/wp-json\/wp\/v2\/users\/2"}],"replies":[{"embeddable":true,"href":"https:\/\/www.europesays.com\/pt\/wp-json\/wp\/v2\/comments?post=146222"}],"version-history":[{"count":0,"href":"https:\/\/www.europesays.com\/pt\/wp-json\/wp\/v2\/posts\/146222\/revisions"}],"wp:featuredmedia":[{"embeddable":true,"href":"https:\/\/www.europesays.com\/pt\/wp-json\/wp\/v2\/media\/146223"}],"wp:attachment":[{"href":"https:\/\/www.europesays.com\/pt\/wp-json\/wp\/v2\/media?parent=146222"}],"wp:term":[{"taxonomy":"category","embeddable":true,"href":"https:\/\/www.europesays.com\/pt\/wp-json\/wp\/v2\/categories?post=146222"},{"taxonomy":"post_tag","embeddable":true,"href":"https:\/\/www.europesays.com\/pt\/wp-json\/wp\/v2\/tags?post=146222"}],"curies":[{"name":"wp","href":"https:\/\/api.w.org\/{rel}","templated":true}]}}