{"id":146226,"date":"2025-11-10T05:15:23","date_gmt":"2025-11-10T05:15:23","guid":{"rendered":"https:\/\/www.europesays.com\/pt\/146226\/"},"modified":"2025-11-10T05:15:23","modified_gmt":"2025-11-10T05:15:23","slug":"dia-d-abre-semana-de-mobilizacao-contra-a-dengue-em-jacarei","status":"publish","type":"post","link":"https:\/\/www.europesays.com\/pt\/146226\/","title":{"rendered":"&#8216;Dia D&#8217; abre semana de mobiliza\u00e7\u00e3o contra a dengue, em Jacare\u00ed"},"content":{"rendered":"<p>\t\t\t\t\t<a class=\"eb-image-viewport\"><br \/>\n\t\t\t\t\t<img decoding=\"async\" src=\"https:\/\/www.europesays.com\/pt\/wp-content\/uploads\/2025\/11\/b2ap3_large_dengue-vistoria-pmj.JPG\"\/><br \/>\n\t\t<\/a><\/p>\n<p>\n\t\t\tDurante a semana, est\u00e3o previstas vistorias em im\u00f3veis e monitoramento via drone. Foto- Divulga\u00e7\u00e3o\/PMJ\n\t\t<\/p>\n<p>A Prefeitura de Jacare\u00ed, por meio da Secretaria de Sa\u00fade, realizou no \u00faltimo\u00a0s\u00e1bado (8) o &#8216;Dia D&#8217; de mobiliza\u00e7\u00e3o contra a dengue. A iniciativa, coordenada pelo Governo do Estado de S\u00e3o Paulo, representou\u00a0a abertura de uma semana dedicada \u00e0 intensifica\u00e7\u00e3o das atividades educativas e de combate aos criadouros do mosquito Aedes aegypti.<\/p>\n<p>Durante o s\u00e1bado, foram realizadas a\u00e7\u00f5es de acolhimento de den\u00fancias e orienta\u00e7\u00f5es para a popula\u00e7\u00e3o, al\u00e9m da presen\u00e7a de um mascote do mosquito para entreter e conscientizar as crian\u00e7as sobre o tema, desde cedo.<a href=\"https:\/\/whatsapp.com\/channel\/0029VaAdlTM7z4koWTmyfw3H\" title=\"\" class=\"\" target=\"_blank\" rel=\"noopener noreferrer nofollow\">Clique aqui para participar do canal do <strong>Di\u00e1rio de Jacare\u00ed <\/strong>no WhatsApp e receber not\u00edcias em tempo real.<\/a><br \/>J\u00e1 durante a semana, est\u00e3o previstas vistorias em im\u00f3veis e monitoramento via drone. As atividades buscam alertar sobre o risco de transmiss\u00e3o da doen\u00e7a.<br \/>&#8220;Estamos diante de um momento bastante decisivo para o surgimento de criadouros, com a proximidade do aumento da temperatura, da umidade e das chuvas. Precisamos estar todos atentos e cautelosos quanto \u00e0s medidas de preven\u00e7\u00e3o para preservarmos vidas&#8221;, afirmou a secret\u00e1ria de Sa\u00fade, Aguida Fernandes.<\/p>\n<p><strong data-redactor-tag=\"strong\" data-verified=\"redactor\">CONFIRA A PROGRAMA\u00c7\u00c3O DA SEMANA<\/strong><\/p>\n<p><strong data-redactor-tag=\"strong\" data-verified=\"redactor\"><br \/><\/strong><strong data-redactor-tag=\"strong\" data-verified=\"redactor\">&#8211;<\/strong> <strong data-redactor-tag=\"strong\" data-verified=\"redactor\">De segunda (10) a sexta-feira (14):<\/strong> Visita casa a casa<br \/>Bairros: Parque Santo Ant\u00f4nio e Jardim Para\u00edba.<\/p>\n<p><strong data-redactor-tag=\"strong\" data-verified=\"redactor\">&#8211;<\/strong><strong data-redactor-tag=\"strong\" data-verified=\"redactor\"> Ter\u00e7a-feira (11) e quinta-feira (13):<\/strong> Monitoramento com drones<br \/>Bairros: Parque Santo Ant\u00f4nio e Jardim Para\u00edso.<\/p>\n<p><strong data-redactor-tag=\"strong\" data-verified=\"redactor\">AN\u00c1LISE DE DENSIDADE LARV\u00c1RIA<\/strong><br \/>As a\u00e7\u00f5es acompanham ainda a conclus\u00e3o da 4\u00aa Avalia\u00e7\u00e3o de Densidade Larv\u00e1ria de 2025, cujo resultado foi de \u00cdndice de Breteau (IB) de 1,1 para Aedes aegypti. O cen\u00e1rio indica a necessidade de alerta.\u00a0<\/p>\n<p>A ADL \u00e9 uma pesquisa que visa identificar e quantificar a ocorr\u00eancia de larvas do mosquito em uma determinada \u00e1rea ou no munic\u00edpio, em geral. No total, foram 3.031 im\u00f3veis vistoriados, distribu\u00eddos em 503 quarteir\u00f5es.\t\t<\/p>\n","protected":false},"excerpt":{"rendered":"Durante a semana, est\u00e3o previstas vistorias em im\u00f3veis e monitoramento via drone. Foto- Divulga\u00e7\u00e3o\/PMJ A Prefeitura de Jacare\u00ed,&hellip;\n","protected":false},"author":2,"featured_media":146227,"comment_status":"","ping_status":"","sticky":false,"template":"","format":"standard","meta":{"footnotes":""},"categories":[86],"tags":[1300,116,32,33,117],"class_list":{"0":"post-146226","1":"post","2":"type-post","3":"status-publish","4":"format-standard","5":"has-post-thumbnail","7":"category-saude","8":"tag-cidade","9":"tag-health","10":"tag-portugal","11":"tag-pt","12":"tag-saude"},"share_on_mastodon":{"url":"https:\/\/pubeurope.com\/@pt\/115523703558586192","error":""},"_links":{"self":[{"href":"https:\/\/www.europesays.com\/pt\/wp-json\/wp\/v2\/posts\/146226","targetHints":{"allow":["GET"]}}],"collection":[{"href":"https:\/\/www.europesays.com\/pt\/wp-json\/wp\/v2\/posts"}],"about":[{"href":"https:\/\/www.europesays.com\/pt\/wp-json\/wp\/v2\/types\/post"}],"author":[{"embeddable":true,"href":"https:\/\/www.europesays.com\/pt\/wp-json\/wp\/v2\/users\/2"}],"replies":[{"embeddable":true,"href":"https:\/\/www.europesays.com\/pt\/wp-json\/wp\/v2\/comments?post=146226"}],"version-history":[{"count":0,"href":"https:\/\/www.europesays.com\/pt\/wp-json\/wp\/v2\/posts\/146226\/revisions"}],"wp:featuredmedia":[{"embeddable":true,"href":"https:\/\/www.europesays.com\/pt\/wp-json\/wp\/v2\/media\/146227"}],"wp:attachment":[{"href":"https:\/\/www.europesays.com\/pt\/wp-json\/wp\/v2\/media?parent=146226"}],"wp:term":[{"taxonomy":"category","embeddable":true,"href":"https:\/\/www.europesays.com\/pt\/wp-json\/wp\/v2\/categories?post=146226"},{"taxonomy":"post_tag","embeddable":true,"href":"https:\/\/www.europesays.com\/pt\/wp-json\/wp\/v2\/tags?post=146226"}],"curies":[{"name":"wp","href":"https:\/\/api.w.org\/{rel}","templated":true}]}}