{"id":146230,"date":"2025-11-10T05:22:09","date_gmt":"2025-11-10T05:22:09","guid":{"rendered":"https:\/\/www.europesays.com\/pt\/146230\/"},"modified":"2025-11-10T05:22:09","modified_gmt":"2025-11-10T05:22:09","slug":"saiba-quanto-o-pai-de-neymar-pagou-em-apartamento-de-luxo-em-sp","status":"publish","type":"post","link":"https:\/\/www.europesays.com\/pt\/146230\/","title":{"rendered":"Saiba quanto o pai de Neymar pagou em apartamento de luxo em SP"},"content":{"rendered":"<p>Pai de <a href=\"https:\/\/caras.com.br\/tags\/neymar-jr\" rel=\"nofollow noopener\" target=\"_blank\"><strong>Neymar Jr<\/strong><\/a>, <strong>Neymar Santos<\/strong> investiu em um novo apartamento. De acordo com o Portal Leo Dias, o empres\u00e1rio comprou o apartamento milion\u00e1rio que era de <strong>Marcelo de Carvalho<\/strong>, que \u00e9 apresentador da RedeTV, acionista e vice-presidente da RedeTV! e tamb\u00e9m ex-marido de Luciana Gimenez.<\/p>\n<p>A publica\u00e7\u00e3o informou que o apartamento foi avaliado em mais de R$ 80 milh\u00f5es e estava \u00e0 venda desde 2018.<\/p>\n<p>Vale lembrar que Neymar Pai \u00e9 empres\u00e1rio e agente do filho. Ele gerencia a carreira e os projetos do filho e tamb\u00e9m a empresa de marketing em nome do herdeiro.<\/p>\n<p>Em 2024, Neymar Santos contou que ficou rico por causa de sua empresa. \u201cEu ganhei mais dinheiro que o meu filho. Fiquei rico antes dele. Em 2013, o maior sal\u00e1rio de Neymar foi de R$ 200 mil. O Neymar n\u00e3o tinha R$ 5 milh\u00f5es na conta quando ele saiu do Santos. E eu j\u00e1 faturava R$ 40 milh\u00f5es por ano como empresa. Desde 2006, Neymar \u00e9 cliente da minha empresa. Neymar \u00e9 CPF, eu sou CNPJ. Mas todas as decis\u00f5es s\u00e3o dele. Hoje, 90% dos nossos contratos s\u00e3o todos de fora [do pa\u00eds]\u201d, afirmou no podcast RoundCast.<\/p>\n<p>O que o pai de Neymar Jr disse sobre os rumores de aposentadoria do filho?<\/p>\n<p>Ainda durante o papo, Neymar Pai<a href=\"https:\/\/caras.com.br\/esporte\/pai-de-neymar-jr-reage-aos-rumores-de-aposentadoria-do-filho-muito-triste.phtml\" rel=\"nofollow noopener\" target=\"_blank\"> falou sobre a possibilidade do filho<\/a>, Neymar Jr, se aposentar dos campos de futebol. Ele contou que v\u00ea os rumores sobre\u00a0<a href=\"https:\/\/caras.com.br\/esporte\/neymar-jr-tem-lesao-confirmada-e-pode-nao-jogar-mais-futebol-esse-ano.phtml\" target=\"_blank\" rel=\"noopener nofollow\" data-mrf-link=\"https:\/\/caras.com.br\/esporte\/neymar-jr-tem-lesao-confirmada-e-pode-nao-jogar-mais-futebol-esse-ano.phtml\">o futuro do filho no esporte<\/a>, e at\u00e9 revelou at\u00e9 quando o herdeiro deve ser um atleta de alta performance.<\/p>\n<p>\u201cVai ser muito triste para mim. Em algum momento isso vai acontecer. Mas ainda temos tr\u00eas ou quatro anos de um Neymar de alta performance, que pode render muitas coisas para ele. Hoje o Neymar tem seu contrato [com o Al-Hilal] at\u00e9 junho de 2025. Eu vejo as especula\u00e7\u00f5es que ficam, e a gente come\u00e7a a se prepara para isso\u201c, disse ele.<\/p>\n<p>E completou:\u00a0\u201cEu sei que o mercado est\u00e1 esperando ver como o Neymar vai voltar. E ele sempre volta melhor do que ele estava. Eu n\u00e3o tenho plano para o futuro. A gente fica se adequando para as coisas que v\u00e3o acontecer. A gente precisa ver qual vai ser a vontade de Neymar. Mas a Ar\u00e1bia est\u00e1 deixando ele muito feliz l\u00e1. \u00c9 um pa\u00eds que o protege\u201c.<\/p>\n<p><strong>Leia tamb\u00e9m<\/strong>:\u00a0<a href=\"https:\/\/caras.com.br\/esporte\/neymar-jr-reage-alfinetada-do-ex-bbb-fred-bruno-fanfarrao.phtml\" target=\"_blank\" rel=\"noopener nofollow\" data-mrf-link=\"https:\/\/caras.com.br\/esporte\/neymar-jr-reage-alfinetada-do-ex-bbb-fred-bruno-fanfarrao.phtml\">Neymar Jr reage \u00e0 \u2018alfinetada\u2019 do ex-BBB Fred Bruno: \u2018Fanfarr\u00e3o\u2019<\/a><\/p>\n<p>        <a href=\"https:\/\/caras.com.br\/autor\/priscilla-comoti\" rel=\"nofollow noopener\" target=\"_blank\">&#13;<br \/>\n          <img loading=\"lazy\" alt=\"Priscilla Comoti\" src=\"https:\/\/www.europesays.com\/pt\/wp-content\/uploads\/2025\/11\/1762752129_694_e53883bdf02c542f6517b68879e8cb08b27a1d55c4dfd53577e47d3ab6331a06\"  class=\"avatar avatar-115 photo rounded-circle mr-3\" height=\"115\" width=\"115\" decoding=\"async\"\/>        <\/a><\/p>\n<p>Priscilla Comoti \u00e9 editora de conte\u00fado do site CARAS. Ela \u00e9 formada em jornalismo e em audiovisual, j\u00e1 passou pelos sites Contigo!, Minha Novela, TiTiTi, Mais Novela e Portal M\u00e1rcia Piovesan. Escreve sobre celebridades, not\u00edcias sobre a fam\u00edlia real brit\u00e2nica, TV, reality show e novelas.<\/p>\n","protected":false},"excerpt":{"rendered":"Pai de Neymar Jr, Neymar Santos investiu em um novo apartamento. De acordo com o Portal Leo Dias,&hellip;\n","protected":false},"author":2,"featured_media":146231,"comment_status":"","ping_status":"","sticky":false,"template":"","format":"standard","meta":{"footnotes":""},"categories":[145],"tags":[211,210,114,115,5441,32020,32021,32,33],"class_list":{"0":"post-146230","1":"post","2":"type-post","3":"status-publish","4":"format-standard","5":"has-post-thumbnail","7":"category-celebridades","8":"tag-celebridades","9":"tag-celebrities","10":"tag-entertainment","11":"tag-entretenimento","12":"tag-marcelo-de-carvalho","13":"tag-neymar-pai","14":"tag-pai-de-neymar-jr","15":"tag-portugal","16":"tag-pt"},"share_on_mastodon":{"url":"https:\/\/pubeurope.com\/@pt\/115523731158451232","error":""},"_links":{"self":[{"href":"https:\/\/www.europesays.com\/pt\/wp-json\/wp\/v2\/posts\/146230","targetHints":{"allow":["GET"]}}],"collection":[{"href":"https:\/\/www.europesays.com\/pt\/wp-json\/wp\/v2\/posts"}],"about":[{"href":"https:\/\/www.europesays.com\/pt\/wp-json\/wp\/v2\/types\/post"}],"author":[{"embeddable":true,"href":"https:\/\/www.europesays.com\/pt\/wp-json\/wp\/v2\/users\/2"}],"replies":[{"embeddable":true,"href":"https:\/\/www.europesays.com\/pt\/wp-json\/wp\/v2\/comments?post=146230"}],"version-history":[{"count":0,"href":"https:\/\/www.europesays.com\/pt\/wp-json\/wp\/v2\/posts\/146230\/revisions"}],"wp:featuredmedia":[{"embeddable":true,"href":"https:\/\/www.europesays.com\/pt\/wp-json\/wp\/v2\/media\/146231"}],"wp:attachment":[{"href":"https:\/\/www.europesays.com\/pt\/wp-json\/wp\/v2\/media?parent=146230"}],"wp:term":[{"taxonomy":"category","embeddable":true,"href":"https:\/\/www.europesays.com\/pt\/wp-json\/wp\/v2\/categories?post=146230"},{"taxonomy":"post_tag","embeddable":true,"href":"https:\/\/www.europesays.com\/pt\/wp-json\/wp\/v2\/tags?post=146230"}],"curies":[{"name":"wp","href":"https:\/\/api.w.org\/{rel}","templated":true}]}}