{"id":146238,"date":"2025-11-10T05:50:11","date_gmt":"2025-11-10T05:50:11","guid":{"rendered":"https:\/\/www.europesays.com\/pt\/146238\/"},"modified":"2025-11-10T05:50:11","modified_gmt":"2025-11-10T05:50:11","slug":"a-gente-se-compara-se-cobra-quer-provar-valor-o-tempo-todo","status":"publish","type":"post","link":"https:\/\/www.europesays.com\/pt\/146238\/","title":{"rendered":"&#8216;A gente se compara, se cobra, quer provar valor o tempo todo&#8217;"},"content":{"rendered":"\n<p class=\" content-text__container \" data-track-category=\"Link no Texto\" data-track-links=\"\"> Ele, que costuma divertir os f\u00e3s com v\u00eddeos bem-humorados, aproveitou o fim de semana para compartilhar pensamentos existenciais com o objetivo de inspirar quem assiste. <\/p>\n<p class=\" content-text__container \" data-track-category=\"Link no Texto\" data-track-links=\"\"> Num v\u00eddeo, ele disse que &#8216;a vida \u00e9 dura, sim, mas \u00e9 mais bonita quando a gente escolhe ser mais sens\u00edvel&#8217;. <\/p>\n<p class=\" content-text__container \" data-track-category=\"Link no Texto\" data-track-links=\"\"> &#8220;Tem coisas da vida que fazem a gente parar e pensar. Eu, pelo menos, penso muito sobre isso. Sobre como, \u00e0s vezes, o ser humano se perde. N\u00e3o por maldade, mas por fragilidade mesmo. Em algumas ocasi\u00f5es, por maldade mesmo&#8221;, afirmou ele, para em seguida continuar: &#8220;A gente se compara, se cobra, quer provar valor o tempo todo. E, nessa confus\u00e3o, acaba olhando demais para a queda do outro. Como se a dor alheia explicasse alguma coisa da nossa pr\u00f3pria&#8221;. <\/p>\n<p class=\" content-text__container \" data-track-category=\"Link no Texto\" data-track-links=\"\"> Por fim, o ator concluiu: <\/p>\n<p class=\" content-text__container \" data-track-category=\"Link no Texto\" data-track-links=\"\"> &#8220;Aa vida \u00e9 dura sim, mas ela tamb\u00e9m \u00e9 bonita quando a gente escolhe ser mais sens\u00edvel , mais gentil, mais humano. Porque, no fim, o que realmente conta n\u00e3o \u00e9 quem venceu ou perdeu. \u00c9 como a gente cuida um dos outros enquanto caminha&#8221;, afirmou antes de encerrar com &#8220;beijos do vov\u00f4 aqui&#8221;. <\/p>\n","protected":false},"excerpt":{"rendered":"Ele, que costuma divertir os f\u00e3s com v\u00eddeos bem-humorados, aproveitou o fim de semana para compartilhar pensamentos existenciais&hellip;\n","protected":false},"author":2,"featured_media":146239,"comment_status":"","ping_status":"","sticky":false,"template":"","format":"standard","meta":{"footnotes":""},"categories":[145],"tags":[211,210,114,115,32,33,679],"class_list":{"0":"post-146238","1":"post","2":"type-post","3":"status-publish","4":"format-standard","5":"has-post-thumbnail","7":"category-celebridades","8":"tag-celebridades","9":"tag-celebrities","10":"tag-entertainment","11":"tag-entretenimento","12":"tag-portugal","13":"tag-pt","14":"tag-reportagem"},"share_on_mastodon":{"url":"https:\/\/pubeurope.com\/@pt\/115523841061170521","error":""},"_links":{"self":[{"href":"https:\/\/www.europesays.com\/pt\/wp-json\/wp\/v2\/posts\/146238","targetHints":{"allow":["GET"]}}],"collection":[{"href":"https:\/\/www.europesays.com\/pt\/wp-json\/wp\/v2\/posts"}],"about":[{"href":"https:\/\/www.europesays.com\/pt\/wp-json\/wp\/v2\/types\/post"}],"author":[{"embeddable":true,"href":"https:\/\/www.europesays.com\/pt\/wp-json\/wp\/v2\/users\/2"}],"replies":[{"embeddable":true,"href":"https:\/\/www.europesays.com\/pt\/wp-json\/wp\/v2\/comments?post=146238"}],"version-history":[{"count":0,"href":"https:\/\/www.europesays.com\/pt\/wp-json\/wp\/v2\/posts\/146238\/revisions"}],"wp:featuredmedia":[{"embeddable":true,"href":"https:\/\/www.europesays.com\/pt\/wp-json\/wp\/v2\/media\/146239"}],"wp:attachment":[{"href":"https:\/\/www.europesays.com\/pt\/wp-json\/wp\/v2\/media?parent=146238"}],"wp:term":[{"taxonomy":"category","embeddable":true,"href":"https:\/\/www.europesays.com\/pt\/wp-json\/wp\/v2\/categories?post=146238"},{"taxonomy":"post_tag","embeddable":true,"href":"https:\/\/www.europesays.com\/pt\/wp-json\/wp\/v2\/tags?post=146238"}],"curies":[{"name":"wp","href":"https:\/\/api.w.org\/{rel}","templated":true}]}}