{"id":146242,"date":"2025-11-10T06:11:10","date_gmt":"2025-11-10T06:11:10","guid":{"rendered":"https:\/\/www.europesays.com\/pt\/146242\/"},"modified":"2025-11-10T06:11:10","modified_gmt":"2025-11-10T06:11:10","slug":"revisao-abrangente-nao-encontra-ligacao-clara-entre-paracetamol-na-gravidez-e-autismo-infantil","status":"publish","type":"post","link":"https:\/\/www.europesays.com\/pt\/146242\/","title":{"rendered":"Revis\u00e3o abrangente n\u00e3o encontra liga\u00e7\u00e3o clara entre paracetamol na gravidez e autismo infantil"},"content":{"rendered":"<p>\n                    Publicado a                 10\/11\/2025 &#8211; 6:00 GMT+1<br \/>\n                \u2022\u00daltimas not\u00edcias<br \/>\n                                     7:09\n                                        <\/p>\n<p>Desde que o presidente dos EUA, Donald Trump, associou o paracetamol ao autismo em crian\u00e7as, em setembro, e disse \u00e0s gr\u00e1vidas para \u201clutarem com todas as for\u00e7as\u201d para evitarem tomar o analg\u00e9sico comum, a comunidade cient\u00edfica global tem debatido intensamente a validade da afirma\u00e7\u00e3o.<\/p>\n<p>Uma nova revis\u00e3o aprofundada da evid\u00eancia existente, publicada na The BMJ na segunda-feira, concluiu n\u00e3o haver liga\u00e7\u00e3o clara entre o uso de paracetamol durante a gravidez e diagn\u00f3sticos de autismo ou perturba\u00e7\u00e3o de hiperatividade e d\u00e9fice de aten\u00e7\u00e3o (PHDA) em crian\u00e7as.<\/p>\n<p>Os investigadores de grandes universidades e institui\u00e7\u00f5es do Reino Unido, Austr\u00e1lia e Espanha realizaram a revis\u00e3o em resposta direta ao debate recente sobre a seguran\u00e7a do paracetamol na gravidez. Junta-se a relatos acumuladosde cientistas e de <a href=\"https:\/\/pt.euronews.com\/saude\/2025\/09\/23\/agencia-europeia-de-medicamentos-refuta-ligacao-de-trump-entre-o-paracetamol-e-o-autismo\" rel=\"nofollow noopener\" target=\"_blank\"><strong>ag\u00eancias reguladoras mundiais<\/strong><\/a> que confirmam que o medicamento \u00e9 seguro.<\/p>\n<p>\u201cQuer\u00edamos rever todas as revis\u00f5es existentes nesta \u00e1rea para perceber o que nos diz a evid\u00eancia at\u00e9 agora\u201d, disse Shakila Thangaratinam, uma das autoras do estudo e professora de sa\u00fade da mulher na Universidade de Liverpool.<\/p>\n<p>\u201cQual \u00e9 a qualidade por detr\u00e1s destes dados? E como interpretamos, na pr\u00e1tica, o conjunto da evid\u00eancia, para que ajude os profissionais de sa\u00fade a transmitir esta informa\u00e7\u00e3o \u00e0s m\u00e3es e \u00e0s suas fam\u00edlias?\u201d, disse \u00e0 Euronews.<\/p>\n<p>Na revis\u00e3o do The BMJ, os investigadores analisaram nove revis\u00f5es sistem\u00e1ticas j\u00e1 existentes sobre o tema, para avaliar a qualidade global e a validade cient\u00edfica das alega\u00e7\u00f5es.<\/p>\n<p>Todas as nove revis\u00f5es referiam uma associa\u00e7\u00e3o entre o uso de paracetamol na gravidez e autismo ou PHDA em crian\u00e7as. Mas os investigadores da The BMJ constataram que muitos destes estudos n\u00e3o ajustaram para fatores de sa\u00fade e de estilo de vida importantes e que muitas revis\u00f5es que agregavam v\u00e1rios estudos tinham baixa qualidade.<\/p>\n<p>Al\u00e9m disso, sete das nove revis\u00f5es aconselharam prud\u00eancia na interpreta\u00e7\u00e3o dos resultados devido ao potencial risco de enviesamento e ao impacto de fatores de confus\u00e3o que podem afetar os resultados.<\/p>\n<p>A conclus\u00e3o dos investigadores? A confian\u00e7a nas conclus\u00f5es sobre o tema \u00e9 \u201cbaixa a criticamente baixa\u201d, o que significa que a evid\u00eancia existente n\u00e3o \u00e9 cientificamente robusta o suficiente para provar que o paracetamol causa estas condi\u00e7\u00f5es.<\/p>\n<p>Fatores gen\u00e9ticos e ambientais ligados \u00e0 neurodiverg\u00eancia<\/p>\n<p>A revis\u00e3o da The BMJ sugere que qualquer rela\u00e7\u00e3o poder\u00e1 ser parcialmente explicada por fatores gen\u00e9ticos e ambientais, ou por outras vari\u00e1veis como a sa\u00fade mental dos pais, contexto e estilo de vida.<\/p>\n<p>Nos poucos estudos em que estes fatores foram considerados, os investigadores dizem que a associa\u00e7\u00e3o entre paracetamol e risco de autismo e PHDA na inf\u00e2ncia desapareceu ou diminuiu significativamente.<\/p>\n<p>O paracetamol, tamb\u00e9m conhecido como acetaminofeno, \u00e9 um analg\u00e9sico comum vendido com a marca Tylenol nos Estados Unidos. \u00c9 um dos poucos medicamentos de venda livre recomendados para gr\u00e1vidas no tratamento da dor e da febre.<\/p>\n<p>Para coincidir com a confer\u00eancia de imprensa de Trump em setembro, a Food and Drug Administration (FDA) dos EUA recomendou alterar as etiquetas das embalagens de paracetamol para mencionar \u201cevid\u00eancia que sugere que o uso de acetaminofeno por gr\u00e1vidas pode estar associado a um aumento do risco de condi\u00e7\u00f5es neurol\u00f3gicas, como autismo e PHDA, em crian\u00e7as\u201d.<\/p>\n<p>A revis\u00e3o da The BMJ incentivou a realiza\u00e7\u00e3o de mais estudos de elevada qualidade sobre o tema, que tenham em conta outros fatores que possam enviesar os resultados. Os investigadores dizem que isso ajudaria a melhorar a qualidade da evid\u00eancia sobre como o momento e a dura\u00e7\u00e3o da exposi\u00e7\u00e3o ao paracetamol podem afetar o desenvolvimento fetal.<\/p>\n<p>Entretanto, Thangaratinam disse que tomar decis\u00f5es de pol\u00edtica de sa\u00fade com base em evid\u00eancia inconclusiva pode ter consequ\u00eancias graves e que \u00e9 preciso fazer mais investiga\u00e7\u00e3o que d\u00ea prioridade especificamente \u00e0 sa\u00fade das mulheres.<\/p>\n<p>\u201cExiste um fosso de sexo e g\u00e9nero na ci\u00eancia, e estudos como este sublinham a necessidade de prioriza\u00e7\u00e3o e investimento em 51 por cento da popula\u00e7\u00e3o, sobretudo durante a gravidez\u201d, afirmou.<\/p>\n","protected":false},"excerpt":{"rendered":"Publicado a 10\/11\/2025 &#8211; 6:00 GMT+1 \u2022\u00daltimas not\u00edcias 7:09 Desde que o presidente dos EUA, Donald Trump, associou&hellip;\n","protected":false},"author":2,"featured_media":146243,"comment_status":"","ping_status":"","sticky":false,"template":"","format":"standard","meta":{"footnotes":""},"categories":[86],"tags":[116,18773,6706,32,33,117],"class_list":{"0":"post-146242","1":"post","2":"type-post","3":"status-publish","4":"format-standard","5":"has-post-thumbnail","7":"category-saude","8":"tag-health","9":"tag-medicacao","10":"tag-pesquisa-medica","11":"tag-portugal","12":"tag-pt","13":"tag-saude"},"share_on_mastodon":{"url":"https:\/\/pubeurope.com\/@pt\/115523923666075877","error":""},"_links":{"self":[{"href":"https:\/\/www.europesays.com\/pt\/wp-json\/wp\/v2\/posts\/146242","targetHints":{"allow":["GET"]}}],"collection":[{"href":"https:\/\/www.europesays.com\/pt\/wp-json\/wp\/v2\/posts"}],"about":[{"href":"https:\/\/www.europesays.com\/pt\/wp-json\/wp\/v2\/types\/post"}],"author":[{"embeddable":true,"href":"https:\/\/www.europesays.com\/pt\/wp-json\/wp\/v2\/users\/2"}],"replies":[{"embeddable":true,"href":"https:\/\/www.europesays.com\/pt\/wp-json\/wp\/v2\/comments?post=146242"}],"version-history":[{"count":0,"href":"https:\/\/www.europesays.com\/pt\/wp-json\/wp\/v2\/posts\/146242\/revisions"}],"wp:featuredmedia":[{"embeddable":true,"href":"https:\/\/www.europesays.com\/pt\/wp-json\/wp\/v2\/media\/146243"}],"wp:attachment":[{"href":"https:\/\/www.europesays.com\/pt\/wp-json\/wp\/v2\/media?parent=146242"}],"wp:term":[{"taxonomy":"category","embeddable":true,"href":"https:\/\/www.europesays.com\/pt\/wp-json\/wp\/v2\/categories?post=146242"},{"taxonomy":"post_tag","embeddable":true,"href":"https:\/\/www.europesays.com\/pt\/wp-json\/wp\/v2\/tags?post=146242"}],"curies":[{"name":"wp","href":"https:\/\/api.w.org\/{rel}","templated":true}]}}