{"id":146268,"date":"2025-11-10T08:03:08","date_gmt":"2025-11-10T08:03:08","guid":{"rendered":"https:\/\/www.europesays.com\/pt\/146268\/"},"modified":"2025-11-10T08:03:08","modified_gmt":"2025-11-10T08:03:08","slug":"joao-silva-reune-famosos-em-after-da-formula-1-em-sao-paulo-celebridades","status":"publish","type":"post","link":"https:\/\/www.europesays.com\/pt\/146268\/","title":{"rendered":"Jo\u00e3o Silva re\u00fane famosos em after da F\u00f3rmula 1 em S\u00e3o Paulo | Celebridades"},"content":{"rendered":"<p>                                        Jo\u00e3o Silva &#8211; Eduardo Martins \/ Brazil News<\/p>\n<p class=\"content-media__description\">Jo\u00e3o SilvaEduardo Martins \/ Brazil News<\/p>\n<p>                                                        Publicado 09\/11\/2025 22:51 | Atualizado 09\/11\/2025 22:51\n                    <\/p>\n<p>Rio &#8211;\u00a0Jo\u00e3o Silva, de 21 anos, filho do apresentador Faust\u00e3o, reuniu diversas celebridades em uma festa ap\u00f3s o Grand Prix Brasil de F\u00f3rmula 1, realizado neste domingo (9), em S\u00e3o Paulo. O evento aconteceu logo depois da corrida no Aut\u00f3dromo de Interlagos, vencida pelo brit\u00e2nico Lando Norris.<\/p>\n<p>Entre os convidados estavam Giovanna Lancellotti, Gabriel David, Pedro Scooby, Sasha Meneghel, Jo\u00e3o Lucas, Carlinhos Maia e Rafa Uccman. O after organizado por Jo\u00e3o se tornou um dos pontos mais disputados da capital paulista, com fila na porta.<\/p>\n<p><strong>MC Daniel chama aten\u00e7\u00e3o com Porsche de luxo<\/strong><\/p>\n<p>Um dos destaques da noite foi a chegada de MC Daniel, de 27 anos. O cantor apareceu no local dirigindo uma Porsche 911, ve\u00edculo que comprou de presente de Natal em 2023. O modelo pode custar entre R$ 900 mil e R$ 2,2 milh\u00f5es, dependendo da configura\u00e7\u00e3o.<\/p>\n<p>MC Daniel foi recebido por Jo\u00e3o Silva e outros convidados na celebra\u00e7\u00e3o, que reuniu artistas e influenciadores em clima de descontra\u00e7\u00e3o.<\/p>\n","protected":false},"excerpt":{"rendered":"Jo\u00e3o Silva &#8211; Eduardo Martins \/ Brazil News Jo\u00e3o SilvaEduardo Martins \/ Brazil News Publicado 09\/11\/2025 22:51 |&hellip;\n","protected":false},"author":2,"featured_media":146269,"comment_status":"","ping_status":"","sticky":false,"template":"","format":"standard","meta":{"footnotes":""},"categories":[145],"tags":[3647,211,210,114,115,971,32028,5275,8759,11493,32,33],"class_list":{"0":"post-146268","1":"post","2":"type-post","3":"status-publish","4":"format-standard","5":"has-post-thumbnail","7":"category-celebridades","8":"tag-after","9":"tag-celebridades","10":"tag-celebrities","11":"tag-entertainment","12":"tag-entretenimento","13":"tag-formula-1","14":"tag-grand-prix-brasil","15":"tag-joao-silva","16":"tag-luxo","17":"tag-mc-daniel","18":"tag-portugal","19":"tag-pt"},"share_on_mastodon":{"url":"https:\/\/pubeurope.com\/@pt\/115524363979858093","error":""},"_links":{"self":[{"href":"https:\/\/www.europesays.com\/pt\/wp-json\/wp\/v2\/posts\/146268","targetHints":{"allow":["GET"]}}],"collection":[{"href":"https:\/\/www.europesays.com\/pt\/wp-json\/wp\/v2\/posts"}],"about":[{"href":"https:\/\/www.europesays.com\/pt\/wp-json\/wp\/v2\/types\/post"}],"author":[{"embeddable":true,"href":"https:\/\/www.europesays.com\/pt\/wp-json\/wp\/v2\/users\/2"}],"replies":[{"embeddable":true,"href":"https:\/\/www.europesays.com\/pt\/wp-json\/wp\/v2\/comments?post=146268"}],"version-history":[{"count":0,"href":"https:\/\/www.europesays.com\/pt\/wp-json\/wp\/v2\/posts\/146268\/revisions"}],"wp:featuredmedia":[{"embeddable":true,"href":"https:\/\/www.europesays.com\/pt\/wp-json\/wp\/v2\/media\/146269"}],"wp:attachment":[{"href":"https:\/\/www.europesays.com\/pt\/wp-json\/wp\/v2\/media?parent=146268"}],"wp:term":[{"taxonomy":"category","embeddable":true,"href":"https:\/\/www.europesays.com\/pt\/wp-json\/wp\/v2\/categories?post=146268"},{"taxonomy":"post_tag","embeddable":true,"href":"https:\/\/www.europesays.com\/pt\/wp-json\/wp\/v2\/tags?post=146268"}],"curies":[{"name":"wp","href":"https:\/\/api.w.org\/{rel}","templated":true}]}}