{"id":146270,"date":"2025-11-10T08:06:09","date_gmt":"2025-11-10T08:06:09","guid":{"rendered":"https:\/\/www.europesays.com\/pt\/146270\/"},"modified":"2025-11-10T08:06:09","modified_gmt":"2025-11-10T08:06:09","slug":"secret-story-expulsa-raquel-descobre-que-pedro-jorge-e-marisa-sao-casados-e-e-assim-que-reage","status":"publish","type":"post","link":"https:\/\/www.europesays.com\/pt\/146270\/","title":{"rendered":"&#8220;Secret Story&#8221;: expulsa, Raquel descobre que Pedro Jorge e Marisa s\u00e3o casados&#8230; e \u00e9 assim que reage!"},"content":{"rendered":"<p><a href=\"https:\/\/selfie.iol.pt\/famosos\/casa-dos-segredos\/secret-story-raquel-e-expulsa-e-reage-assim\/20251110\/69112d2bd34e3caad84b180e\" target=\"_blank\" rel=\"nofollow noopener\">Raquel \u00e9 a expulsa deste domingo, dia 9, de &#8220;Secret Story &#8211; Casa dos Segredos&#8221;<\/a>\u00a0e, instantes depois de sair do\u00a0reality show\u00a0da\u00a0<a href=\"https:\/\/tvi.iol.pt\/\" target=\"_blank\" wbo-id=\"60\" rel=\"nofollow noopener\">TVI<\/a>, a, agora, ex-concorrente j\u00e1 p\u00f4de saber de alguns segredos dos antigos colegas.<\/p>\n<p>Por exemplo, a jovem mostrou-se bastante surpreendida ao descobrir, atrav\u00e9s de Cristina Ferreira, que Pedro Jorge e Marisa s\u00e3o casados, tendo at\u00e9 ficado sem rea\u00e7\u00e3o.<\/p>\n<p>Veja, agora,\u00a0algumas das melhores imagens de Raquel na galeria de fotografias que prepar\u00e1mos para si.<\/p>\n","protected":false},"excerpt":{"rendered":"Raquel \u00e9 a expulsa deste domingo, dia 9, de &#8220;Secret Story &#8211; Casa dos Segredos&#8221;\u00a0e, instantes depois de&hellip;\n","protected":false},"author":2,"featured_media":146271,"comment_status":"","ping_status":"","sticky":false,"template":"","format":"standard","meta":{"footnotes":""},"categories":[142],"tags":[2632,114,115,980,619,32,33,5936,1014,1315,1012,151,162],"class_list":{"0":"post-146270","1":"post","2":"type-post","3":"status-publish","4":"format-standard","5":"has-post-thumbnail","7":"category-tv","8":"tag-casa-dos-segredos","9":"tag-entertainment","10":"tag-entretenimento","11":"tag-famosos","12":"tag-nacional","13":"tag-portugal","14":"tag-pt","15":"tag-raquel","16":"tag-reality-show","17":"tag-secret-story","18":"tag-selfie","19":"tag-tv","20":"tag-tvi"},"share_on_mastodon":{"url":"https:\/\/pubeurope.com\/@pt\/115524375904868112","error":""},"_links":{"self":[{"href":"https:\/\/www.europesays.com\/pt\/wp-json\/wp\/v2\/posts\/146270","targetHints":{"allow":["GET"]}}],"collection":[{"href":"https:\/\/www.europesays.com\/pt\/wp-json\/wp\/v2\/posts"}],"about":[{"href":"https:\/\/www.europesays.com\/pt\/wp-json\/wp\/v2\/types\/post"}],"author":[{"embeddable":true,"href":"https:\/\/www.europesays.com\/pt\/wp-json\/wp\/v2\/users\/2"}],"replies":[{"embeddable":true,"href":"https:\/\/www.europesays.com\/pt\/wp-json\/wp\/v2\/comments?post=146270"}],"version-history":[{"count":0,"href":"https:\/\/www.europesays.com\/pt\/wp-json\/wp\/v2\/posts\/146270\/revisions"}],"wp:featuredmedia":[{"embeddable":true,"href":"https:\/\/www.europesays.com\/pt\/wp-json\/wp\/v2\/media\/146271"}],"wp:attachment":[{"href":"https:\/\/www.europesays.com\/pt\/wp-json\/wp\/v2\/media?parent=146270"}],"wp:term":[{"taxonomy":"category","embeddable":true,"href":"https:\/\/www.europesays.com\/pt\/wp-json\/wp\/v2\/categories?post=146270"},{"taxonomy":"post_tag","embeddable":true,"href":"https:\/\/www.europesays.com\/pt\/wp-json\/wp\/v2\/tags?post=146270"}],"curies":[{"name":"wp","href":"https:\/\/api.w.org\/{rel}","templated":true}]}}