{"id":146278,"date":"2025-11-10T08:13:08","date_gmt":"2025-11-10T08:13:08","guid":{"rendered":"https:\/\/www.europesays.com\/pt\/146278\/"},"modified":"2025-11-10T08:13:08","modified_gmt":"2025-11-10T08:13:08","slug":"governo-nao-sabe-o-que-fazer-aos-oito-milhoes-de-euros-cobrados-aos-supermercados","status":"publish","type":"post","link":"https:\/\/www.europesays.com\/pt\/146278\/","title":{"rendered":"Governo n\u00e3o sabe o que fazer aos oito milh\u00f5es de euros cobrados aos supermercados"},"content":{"rendered":"<p data-remotead-prev-elm=\"true\" data-remotead-elm-id=\"inread\">A taxa sobre os lucros excessivos de 2022 e 2023 do setor da distribui\u00e7\u00e3o alimentar rendeu apenas oito milh\u00f5es de euros nos dois anos em que vigorou, longe dos &#8220;50 a 100 milh\u00f5es de euros&#8221; estimados pelo Governo de Ant\u00f3nio Costa. A receita, apesar de curta, ainda n\u00e3o foi alocada a qualquer benefici\u00e1rio porque falta um despacho conjunto dos minist\u00e9rios das Finan\u00e7as e da Economia e Coes\u00e3o Territorial que defina o destino a dar ao dinheiro, alertou o Tribunal de Contas (TdC).<\/p>\n","protected":false},"excerpt":{"rendered":"A taxa sobre os lucros excessivos de 2022 e 2023 do setor da distribui\u00e7\u00e3o alimentar rendeu apenas oito&hellip;\n","protected":false},"author":2,"featured_media":146279,"comment_status":"","ping_status":"","sticky":false,"template":"","format":"standard","meta":{"footnotes":""},"categories":[83],"tags":[88,89,90,32,33],"class_list":{"0":"post-146278","1":"post","2":"type-post","3":"status-publish","4":"format-standard","5":"has-post-thumbnail","7":"category-empresas","8":"tag-business","9":"tag-economy","10":"tag-empresas","11":"tag-portugal","12":"tag-pt"},"share_on_mastodon":{"url":"https:\/\/pubeurope.com\/@pt\/115524403395526714","error":""},"_links":{"self":[{"href":"https:\/\/www.europesays.com\/pt\/wp-json\/wp\/v2\/posts\/146278","targetHints":{"allow":["GET"]}}],"collection":[{"href":"https:\/\/www.europesays.com\/pt\/wp-json\/wp\/v2\/posts"}],"about":[{"href":"https:\/\/www.europesays.com\/pt\/wp-json\/wp\/v2\/types\/post"}],"author":[{"embeddable":true,"href":"https:\/\/www.europesays.com\/pt\/wp-json\/wp\/v2\/users\/2"}],"replies":[{"embeddable":true,"href":"https:\/\/www.europesays.com\/pt\/wp-json\/wp\/v2\/comments?post=146278"}],"version-history":[{"count":0,"href":"https:\/\/www.europesays.com\/pt\/wp-json\/wp\/v2\/posts\/146278\/revisions"}],"wp:featuredmedia":[{"embeddable":true,"href":"https:\/\/www.europesays.com\/pt\/wp-json\/wp\/v2\/media\/146279"}],"wp:attachment":[{"href":"https:\/\/www.europesays.com\/pt\/wp-json\/wp\/v2\/media?parent=146278"}],"wp:term":[{"taxonomy":"category","embeddable":true,"href":"https:\/\/www.europesays.com\/pt\/wp-json\/wp\/v2\/categories?post=146278"},{"taxonomy":"post_tag","embeddable":true,"href":"https:\/\/www.europesays.com\/pt\/wp-json\/wp\/v2\/tags?post=146278"}],"curies":[{"name":"wp","href":"https:\/\/api.w.org\/{rel}","templated":true}]}}