{"id":146280,"date":"2025-11-10T08:15:14","date_gmt":"2025-11-10T08:15:14","guid":{"rendered":"https:\/\/www.europesays.com\/pt\/146280\/"},"modified":"2025-11-10T08:15:14","modified_gmt":"2025-11-10T08:15:14","slug":"socrates-pede-a-juiza-que-acabe-com-degradante-espetaculo-observador","status":"publish","type":"post","link":"https:\/\/www.europesays.com\/pt\/146280\/","title":{"rendered":"S\u00f3crates pede a ju\u00edza que acabe com &#8220;degradante espet\u00e1culo&#8221; \u2013 Observador"},"content":{"rendered":"<p>O antigo primeiro-ministro e principal arguido no processo Opera\u00e7\u00e3o Marqu\u00eas, Jos\u00e9 S\u00f3crates, pediu \u00e0 ju\u00edza do caso para acabar com o que chama de \u201cdegradante espet\u00e1culo\u201d de ter um advogado que n\u00e3o escolheu.<\/p>\n<p>Na sequ\u00eancia da ren\u00fancia do seu advogado, Pedro Delille, o tribunal ordenou a nomea\u00e7\u00e3o de um advogado oficioso para assegurar a defesa do ex-governante.<\/p>\n<p>Agora, num requerimento a que a Lusa teve acesso, Jos\u00e9 S\u00f3crates escreveu ao Tribunal a pedir para acabarem \u201ccom o lament\u00e1vel e degradante espet\u00e1culo\u201d.<\/p>\n<p>O espet\u00e1culo \u201cde ver na televis\u00e3o algu\u00e9m que reclama ser meu advogado, sem que eu alguma vez lhe tenha conferido qualquer mandato\u201d, escreveu.<\/p>\n<p>\u201c\u00c9 uma situa\u00e7\u00e3o que muito me desagrada e que, insisto, deve cessar imediatamente \u2014 se tenho vinte dias para escolher novo advogado, por favor poupem-me \u00e0 penosa encena\u00e7\u00e3o de ver algu\u00e9m falar em meu nome contra a minha vontade, dando express\u00e3o p\u00fablica \u00e0 continuada caricatura de abusos em que este processo se tornou f\u00e9rtil\u201d, acrescentou o antigo primeiro-ministro.<\/p>\n<p>Jos\u00e9 S\u00f3crates disse ainda no documento estar em causa o seu direito \u00e0 defesa e que esse direito n\u00e3o pode ser sacrificado \u201ccom alega\u00e7\u00f5es de urg\u00eancia, nem com prazos de julgamento sugeridos por dirigentes do Conselho Superior da Magistratura\u201d (numa refer\u00eancia a uma entrevista na imprensa).<\/p>\n<p>O Tribunal sabe, disse ainda Jos\u00e9 S\u00f3crates no documento, que esse direito \u00e0 defesa n\u00e3o pode ser assegurado por quem n\u00e3o tem qualquer conhecimento do processo e a quem n\u00e3o foi dado tempo para o consultar, nem condi\u00e7\u00f5es para acompanhar em audi\u00eancia a exibi\u00e7\u00e3o de documentos.<\/p>\n<p>O importante \u00e9, resumiu o antigo primeiro-ministro: \u201cEu \u00e9 que escolho o meu advogado\u201d.<\/p>\n<p>No documento, Jos\u00e9 S\u00f3crates come\u00e7ou por recordar que tem um prazo de 20 dias para escolher um advogado e que assim o far\u00e1.<\/p>\n<p>Na quarta-feira, Jos\u00e9 S\u00f3crates j\u00e1 tinha dito que ap\u00f3s a ren\u00fancia do seu defensor, Pedro Delille, n\u00e3o foi notificado para escolher outro advogado, nem contactado por ningu\u00e9m sobre esse assunto.<\/p>\n<p>\u201cDepois da ren\u00fancia, n\u00e3o escolhi outro advogado. N\u00e3o fui notificado para escolher advogado. N\u00e3o fui, ali\u00e1s, contactado por ningu\u00e9m sobre esse assunto, nem mandatei nenhum outro advogado. Com toda a firmeza: n\u00e3o \u00e9 a senhora ju\u00edza que escolhe o meu futuro advogado, nem o Estado judici\u00e1rio me imp\u00f5e um defensor\u201d, afirmou ent\u00e3o.<\/p>\n<p>Na ter\u00e7a-feira, o advogado de Jos\u00e9 S\u00f3crates, Pedro Delille, renunciou ao mandato de defensor do antigo primeiro-ministro no julgamento da Opera\u00e7\u00e3o Marqu\u00eas, tendo o tribunal ordenado a nomea\u00e7\u00e3o de um advogado oficioso para assegurar a defesa do ex-governante.<\/p>\n<p>Jos\u00e9 S\u00f3crates, de 68 anos, est\u00e1 pronunciado (acusado ap\u00f3s instru\u00e7\u00e3o) de 22 crimes, incluindo tr\u00eas de corrup\u00e7\u00e3o, por ter, alegadamente, recebido dinheiro para beneficiar em dossi\u00eas distintos o grupo Lena, o Grupo Esp\u00edrito Santo (GES) e o \u2018resort\u2019 algarvio de Vale do Lobo.<\/p>\n<p>No total, o processo conta com 21 arguidos, que t\u00eam, em geral, negado a pr\u00e1tica dos 117 crimes econ\u00f3mico-financeiros que lhe s\u00e3o imputados.<\/p>\n<p>O julgamento decorre desde 03 de julho e tem sess\u00f5es agendadas pelo menos at\u00e9 18 de dezembro de 2025.<\/p>\n","protected":false},"excerpt":{"rendered":"O antigo primeiro-ministro e principal arguido no processo Opera\u00e7\u00e3o Marqu\u00eas, Jos\u00e9 S\u00f3crates, pediu \u00e0 ju\u00edza do caso para&hellip;\n","protected":false},"author":2,"featured_media":146281,"comment_status":"","ping_status":"","sticky":false,"template":"","format":"standard","meta":{"footnotes":""},"categories":[10],"tags":[27,28,15,16,14,29171,300,25,26,21,22,12,13,19,20,24429,302,32,23,24,33,17,18,29,30,31],"class_list":{"0":"post-146280","1":"post","2":"type-post","3":"status-publish","4":"format-standard","5":"has-post-thumbnail","7":"category-portugal","8":"tag-breaking-news","9":"tag-breakingnews","10":"tag-featured-news","11":"tag-featurednews","12":"tag-headlines","13":"tag-josu00e9-su00f3crates","14":"tag-justiu00e7a","15":"tag-latest-news","16":"tag-latestnews","17":"tag-main-news","18":"tag-mainnews","19":"tag-news","20":"tag-noticias","21":"tag-noticias-principais","22":"tag-noticiasprincipais","23":"tag-operau00e7u00e3o-marquu00eas","24":"tag-polu00edtica","25":"tag-portugal","26":"tag-principais-noticias","27":"tag-principaisnoticias","28":"tag-pt","29":"tag-top-stories","30":"tag-topstories","31":"tag-ultimas","32":"tag-ultimas-noticias","33":"tag-ultimasnoticias"},"share_on_mastodon":{"url":"https:\/\/pubeurope.com\/@pt\/115524411293868502","error":""},"_links":{"self":[{"href":"https:\/\/www.europesays.com\/pt\/wp-json\/wp\/v2\/posts\/146280","targetHints":{"allow":["GET"]}}],"collection":[{"href":"https:\/\/www.europesays.com\/pt\/wp-json\/wp\/v2\/posts"}],"about":[{"href":"https:\/\/www.europesays.com\/pt\/wp-json\/wp\/v2\/types\/post"}],"author":[{"embeddable":true,"href":"https:\/\/www.europesays.com\/pt\/wp-json\/wp\/v2\/users\/2"}],"replies":[{"embeddable":true,"href":"https:\/\/www.europesays.com\/pt\/wp-json\/wp\/v2\/comments?post=146280"}],"version-history":[{"count":0,"href":"https:\/\/www.europesays.com\/pt\/wp-json\/wp\/v2\/posts\/146280\/revisions"}],"wp:featuredmedia":[{"embeddable":true,"href":"https:\/\/www.europesays.com\/pt\/wp-json\/wp\/v2\/media\/146281"}],"wp:attachment":[{"href":"https:\/\/www.europesays.com\/pt\/wp-json\/wp\/v2\/media?parent=146280"}],"wp:term":[{"taxonomy":"category","embeddable":true,"href":"https:\/\/www.europesays.com\/pt\/wp-json\/wp\/v2\/categories?post=146280"},{"taxonomy":"post_tag","embeddable":true,"href":"https:\/\/www.europesays.com\/pt\/wp-json\/wp\/v2\/tags?post=146280"}],"curies":[{"name":"wp","href":"https:\/\/api.w.org\/{rel}","templated":true}]}}