{"id":146353,"date":"2025-11-10T10:04:09","date_gmt":"2025-11-10T10:04:09","guid":{"rendered":"https:\/\/www.europesays.com\/pt\/146353\/"},"modified":"2025-11-10T10:04:09","modified_gmt":"2025-11-10T10:04:09","slug":"crema-ex-grendene-esta-no-grupo-argenta","status":"publish","type":"post","link":"https:\/\/www.europesays.com\/pt\/146353\/","title":{"rendered":"Crema, ex-Grendene, est\u00e1 no Grupo Argenta"},"content":{"rendered":"<p>Martim Lu\u00eds Crema, ex-gerente de tecnologia B2B e corporativa da Grendene, acaba de assumir o cargo de gerente de TI no Grupo Argenta.<\/p>\n<p>Crema estava h\u00e1 12 anos na Grendene, onde come\u00e7ou como analista de<a href=\"https:\/\/www.baguete.com.br\/midiakit\/\" target=\"_blank\" rel=\"nofollow noopener\"> neg\u00f3cios <\/a>em 2013 e passou por diversos cargos de supervis\u00e3o e coordena\u00e7\u00e3o.<\/p>\n<p>Na \u00faltima posi\u00e7\u00e3o, ele respondia para o gerente de TI da Grendene, Sandro Braido.\u00a0<\/p>\n<p>Conhecida pelas sand\u00e1lias Melissa, a Grendene \u00e9 um grande grupo industrial sediada em Farroupilha, na Serra Ga\u00facha, com um time interno de tecnologia relativamente grande.<\/p>\n<p>O Grupo Argenta \u00e9 uma holding sediada na vizinha Flores da Cunha, dona de onze empresas, empregando 6,5 mil pessoas.\u00a0<\/p>\n<p>As mais conhecidas s\u00e3o ligadas \u00e0 ligadas \u00e0 cadeia de combust\u00edveis e derivados como\u00a0 SIM Rede, SIM Distribuidora, Charrua, Querodiesel, A27, SIM Avia\u00e7\u00e3o, SIM Lubrificantes.<\/p>\n<p>O grupo inclui tamb\u00e9m uma vin\u00edcola, a Luiz Argenta; um bra\u00e7o de investimentos, chamado AIVA; duas empresas de tecnologia, a DNA e a NEXTA.<\/p>\n","protected":false},"excerpt":{"rendered":"Martim Lu\u00eds Crema, ex-gerente de tecnologia B2B e corporativa da Grendene, acaba de assumir o cargo de gerente&hellip;\n","protected":false},"author":2,"featured_media":146354,"comment_status":"","ping_status":"","sticky":false,"template":"","format":"standard","meta":{"footnotes":""},"categories":[84],"tags":[109,107,108,32,33,105,103,104,106,110],"class_list":{"0":"post-146353","1":"post","2":"type-post","3":"status-publish","4":"format-standard","5":"has-post-thumbnail","7":"category-ciencia-e-tecnologia","8":"tag-ciencia","9":"tag-ciencia-e-tecnologia","10":"tag-cienciaetecnologia","11":"tag-portugal","12":"tag-pt","13":"tag-science","14":"tag-science-and-technology","15":"tag-scienceandtechnology","16":"tag-technology","17":"tag-tecnologia"},"share_on_mastodon":{"url":"https:\/\/pubeurope.com\/@pt\/115524840159412663","error":""},"_links":{"self":[{"href":"https:\/\/www.europesays.com\/pt\/wp-json\/wp\/v2\/posts\/146353","targetHints":{"allow":["GET"]}}],"collection":[{"href":"https:\/\/www.europesays.com\/pt\/wp-json\/wp\/v2\/posts"}],"about":[{"href":"https:\/\/www.europesays.com\/pt\/wp-json\/wp\/v2\/types\/post"}],"author":[{"embeddable":true,"href":"https:\/\/www.europesays.com\/pt\/wp-json\/wp\/v2\/users\/2"}],"replies":[{"embeddable":true,"href":"https:\/\/www.europesays.com\/pt\/wp-json\/wp\/v2\/comments?post=146353"}],"version-history":[{"count":0,"href":"https:\/\/www.europesays.com\/pt\/wp-json\/wp\/v2\/posts\/146353\/revisions"}],"wp:featuredmedia":[{"embeddable":true,"href":"https:\/\/www.europesays.com\/pt\/wp-json\/wp\/v2\/media\/146354"}],"wp:attachment":[{"href":"https:\/\/www.europesays.com\/pt\/wp-json\/wp\/v2\/media?parent=146353"}],"wp:term":[{"taxonomy":"category","embeddable":true,"href":"https:\/\/www.europesays.com\/pt\/wp-json\/wp\/v2\/categories?post=146353"},{"taxonomy":"post_tag","embeddable":true,"href":"https:\/\/www.europesays.com\/pt\/wp-json\/wp\/v2\/tags?post=146353"}],"curies":[{"name":"wp","href":"https:\/\/api.w.org\/{rel}","templated":true}]}}