{"id":146377,"date":"2025-11-10T10:38:04","date_gmt":"2025-11-10T10:38:04","guid":{"rendered":"https:\/\/www.europesays.com\/pt\/146377\/"},"modified":"2025-11-10T10:38:04","modified_gmt":"2025-11-10T10:38:04","slug":"ir-as-compras-esta-ainda-mais-caro-preco-do-cabaz-basico-volta-a-subir-nit","status":"publish","type":"post","link":"https:\/\/www.europesays.com\/pt\/146377\/","title":{"rendered":"Ir \u00e0s compras est\u00e1 (ainda) mais caro \u2014 pre\u00e7o do cabaz b\u00e1sico volta a subir \u2014 NiT"},"content":{"rendered":"<p>Ir \u00e0s compras \u00e9 hoje um dos maiores tormentos das fam\u00edlias portuguesas \u2014 e n\u00e3o \u00e9 pela discuss\u00e3o sobre levar ou n\u00e3o os produtos favoritos de cada elemento l\u00e1 de casa. Desde 2022, o cabaz alimentar aumentou cerca de 56\u20ac. O caf\u00e9, o peixe, a carne e os ovos, essenciais no carrinho da maior parte das fam\u00edlias, est\u00e3o entre os produtos cujo pre\u00e7o mais subiu nos \u00faltimos anos.<\/p>\n<p><strong>O cabaz essencial, definido pela DECO, inclui carne, congelados, frutas e legumes, latic\u00ednios, mercearia e peixe e atualmente custa 244,34\u20ac.<\/strong> Esta \u00e9 a terceira semana consecutiva em que o pre\u00e7o dos bens alimentares sobem, com destaque para o caf\u00e9, que ficou 71 c\u00eantimos mais caro, os douradinhos, que custam mais 55 c\u00eantimos, e o atum, com uma subida de 30 c\u00eantimos.<\/p>\n<p>Se compararmos com o per\u00edodo hom\u00f3logo, ou seja, novembro de 2024, o caf\u00e9 subiu 2,10\u20ac, enquanto bacalhau est\u00e1 mais caro 2,34\u20ac. A carne de novilho encareceu cerca de 2\u20ac e os ovos mais 60 c\u00eantimos.<\/p>\n<p>\u201cO pre\u00e7o do cabaz alimentar est\u00e1 a aumentar h\u00e1 tr\u00eas semanas consecutivas. Entre 29 de outubro e 5 de novembro, a subida foi de 67 c\u00eantimos (mais 0,27 por cento), com o cabaz a custar agora 244,34 euros. <strong>Trata-se do segundo pre\u00e7o mais elevado desde que a DECO PROteste iniciou esta monitoriza\u00e7\u00e3o, em janeiro de 2022.<\/strong> H\u00e1 cerca de quatro anos, era poss\u00edvel comprar exatamente os mesmos bens alimentares por menos 56,64 euros (menos 30,18 por cento)\u201d, adianta a organiza\u00e7\u00e3o.<\/p>\n<p>Um dos principais fatores que explicam a escalada de pre\u00e7os dos bens alimentares continua a ser a guerra entre a R\u00fassia e a Ucr\u00e2nia, pa\u00edses que forneciam grande parte dos cereais consumidos em Portugal e na Uni\u00e3o Europeia. A isto somam-se os efeitos da seca e da pandemia, que deixaram marcas profundas no setor agroalimentar e dificultam a recupera\u00e7\u00e3o.<\/p>\n","protected":false},"excerpt":{"rendered":"Ir \u00e0s compras \u00e9 hoje um dos maiores tormentos das fam\u00edlias portuguesas \u2014 e n\u00e3o \u00e9 pela discuss\u00e3o&hellip;\n","protected":false},"author":2,"featured_media":146378,"comment_status":"","ping_status":"","sticky":false,"template":"","format":"standard","meta":{"footnotes":""},"categories":[83],"tags":[88,89,90,32,33],"class_list":{"0":"post-146377","1":"post","2":"type-post","3":"status-publish","4":"format-standard","5":"has-post-thumbnail","7":"category-empresas","8":"tag-business","9":"tag-economy","10":"tag-empresas","11":"tag-portugal","12":"tag-pt"},"share_on_mastodon":{"url":"https:\/\/pubeurope.com\/@pt\/115524973595973975","error":""},"_links":{"self":[{"href":"https:\/\/www.europesays.com\/pt\/wp-json\/wp\/v2\/posts\/146377","targetHints":{"allow":["GET"]}}],"collection":[{"href":"https:\/\/www.europesays.com\/pt\/wp-json\/wp\/v2\/posts"}],"about":[{"href":"https:\/\/www.europesays.com\/pt\/wp-json\/wp\/v2\/types\/post"}],"author":[{"embeddable":true,"href":"https:\/\/www.europesays.com\/pt\/wp-json\/wp\/v2\/users\/2"}],"replies":[{"embeddable":true,"href":"https:\/\/www.europesays.com\/pt\/wp-json\/wp\/v2\/comments?post=146377"}],"version-history":[{"count":0,"href":"https:\/\/www.europesays.com\/pt\/wp-json\/wp\/v2\/posts\/146377\/revisions"}],"wp:featuredmedia":[{"embeddable":true,"href":"https:\/\/www.europesays.com\/pt\/wp-json\/wp\/v2\/media\/146378"}],"wp:attachment":[{"href":"https:\/\/www.europesays.com\/pt\/wp-json\/wp\/v2\/media?parent=146377"}],"wp:term":[{"taxonomy":"category","embeddable":true,"href":"https:\/\/www.europesays.com\/pt\/wp-json\/wp\/v2\/categories?post=146377"},{"taxonomy":"post_tag","embeddable":true,"href":"https:\/\/www.europesays.com\/pt\/wp-json\/wp\/v2\/tags?post=146377"}],"curies":[{"name":"wp","href":"https:\/\/api.w.org\/{rel}","templated":true}]}}