{"id":146389,"date":"2025-11-10T10:52:13","date_gmt":"2025-11-10T10:52:13","guid":{"rendered":"https:\/\/www.europesays.com\/pt\/146389\/"},"modified":"2025-11-10T10:52:13","modified_gmt":"2025-11-10T10:52:13","slug":"entenda-a-fase-lunar-desta-segunda-feira-e-quando-muda","status":"publish","type":"post","link":"https:\/\/www.europesays.com\/pt\/146389\/","title":{"rendered":"entenda a fase lunar desta segunda-feira e quando muda"},"content":{"rendered":"<p>Hoje, <strong>10 de novembro de 2025<\/strong>, a Lua segue <strong>na fase Cheia<\/strong>, mas agora apresenta <strong>67,27% de visibilidade<\/strong>, ou seja, j\u00e1 perdeu parte do seu brilho total e sinaliza que est\u00e1 caminhando para a fase Minguante, que chega em apenas <strong>2 dias<\/strong>. Nosso sat\u00e9lite vai diminuindo de tamanho a cada noite, e isso acaba revelando bordas de sombra cada vez mais largas e mudando o visual do c\u00e9u para quem observa.<\/p>\n<p>Calend\u00e1rio lunar de novembro de 2025<\/p>\n<p>O ciclo lunar dura, em m\u00e9dia, 29,5 dias, passando pelas fases <strong>Nova, Crescente, Cheia e Minguante<\/strong>. Segundo o INMET, essas s\u00e3o as datas de cada fase para o m\u00eas de novembro:<\/p>\n<ul>\n<li>\ud83c\udf15 <strong>Lua Cheia<\/strong>: come\u00e7ou em 5 de novembro, \u00e0s 10h19 \u2705<\/li>\n<li>\ud83c\udf17 <strong>Lua Minguante<\/strong>: come\u00e7a em 12 de novembro, \u00e0s 02h38<\/li>\n<li>\ud83c\udf11 <strong>Lua Nova<\/strong>: come\u00e7a em 20 de novembro, \u00e0s 3h47<\/li>\n<li>\ud83c\udf12 <strong>Lua Crescente<\/strong>: come\u00e7a em 28 de novembro, \u00e0s 03h58<\/li>\n<\/ul>\n<p>Quantas fases a Lua tem?<\/p>\n<p>O ciclo lunar (ou luna\u00e7\u00e3o) conta com quatro fases principais: <strong>Nova<\/strong>, <strong>Crescente<\/strong>, <strong>Cheia <\/strong>e <strong>Minguante<\/strong>, cada uma com cerca de sete dias de dura\u00e7\u00e3o. Al\u00e9m dessas principais, h\u00e1 tamb\u00e9m as interfases, que mostram diferentes por\u00e7\u00f5es iluminadas dependendo da posi\u00e7\u00e3o do sat\u00e9lite em rela\u00e7\u00e3o \u00e0 Terra e ao Sol.<\/p>\n<p>Ao todo, a Lua tem oito fases observ\u00e1veis:<\/p>\n<p>            &#13;<br \/>\n                    &#13;<br \/>\n                        &#13;<br \/>\n                        &#13;<br \/>\n                        &#13;<br \/>\n                        &#13;<br \/>\n                        <img decoding=\"async\" loading=\"lazy\" width=\"330\" height=\"32\" src=\"https:\/\/www.europesays.com\/pt\/wp-content\/uploads\/2025\/11\/fases-da-lua_1.jpg\"  alt=\"Fases da Lua\" title=\"Fases da Lua\"\/>&#13;<br \/>\n                    &#13;<\/p>\n<ol>\n<li>Lua nova<\/li>\n<li>Lua crescente<\/li>\n<li>Quarto crescente<\/li>\n<li>Crescente gibosa<\/li>\n<li>Lua cheia<\/li>\n<li>Minguante gibosa<\/li>\n<li>Quarto minguante<\/li>\n<li>Lua minguante<\/li>\n<\/ol>\n<p>Por que a Lua Cheia impressiona tanto?<\/p>\n<p>            &#13;<br \/>\n                    &#13;<br \/>\n                        &#13;<br \/>\n                        &#13;<br \/>\n                        &#13;<br \/>\n                        &#13;<br \/>\n                        <img decoding=\"async\" loading=\"lazy\" width=\"330\" height=\"186\" src=\"https:\/\/www.europesays.com\/pt\/wp-content\/uploads\/2025\/11\/lua-cheia-14.jpg\"  alt=\"Lua Cheia\" title=\"Lua Cheia\"\/>&#13;<br \/>\n                     Lua Cheia &#13;<\/p>\n<p>Para quem n\u00e3o sabe, a Lua n\u00e3o tem luz pr\u00f3pria; ela pega &#8220;emprestada&#8221; do Sol, refletindo como se fosse um espelho. S\u00f3 que na maior parte do ciclo lunar, a posi\u00e7\u00e3o em que a Terra fica em rela\u00e7\u00e3o ao Sol, impede que 100% dessa luz chegue ao nosso sat\u00e9lite, o que acaba gerando algumas sombras na Lua. \u00c9 por isso que muitas vezes ela aparece no c\u00e9u &#8220;cortada&#8221;, como parte dela escura: isso \u00e9 a sombra da Terra.<\/p>\n<p>Mas durante a Lua Cheia, a posi\u00e7\u00e3o que a Terra est\u00e1 contribui para a a luz solar refletir completamente na face da Lua que est\u00e1 voltada para n\u00f3s, sem nenhum tipo de obst\u00e1culo. Antigamente, povos usavam a Lua Cheia para marcar festas, rituais, colheitas e at\u00e9 ca\u00e7adas noturnas.<\/p>\n<p><strong>Curiosidade do dia \ud83e\udd14<\/strong><\/p>\n<p>Voc\u00ea sabia que, durante esta &#8220;descida&#8221; da Lua Cheia para o Minguante, pesquisadores aproveitam para analisar o chamado &#8220;albedo lunar&#8221;?<\/p>\n<p>O albedo \u00e9 a capacidade da Lua de refletir luz solar. Conforme a face iluminada diminui, cientistas podem comparar a intensidade do brilho refletido em diferentes regi\u00f5es do sat\u00e9lite para estudar a composi\u00e7\u00e3o do solo lunar.<\/p>\n<p>\u00c1reas mais claras \u2014 como os mares lunares \u2014 refletem menos luz do que regi\u00f5es de crateras ou altas plan\u00edcies, ajudando a mapear minerais, poeira e at\u00e9 a hist\u00f3ria dos impactos que moldaram a superf\u00edcie da Lua.<\/p>\n<p>Quando a Lua muda de fase?<\/p>\n<p><strong>Faltam dois dias para a Lua Minguante. <\/strong>Essa fase<strong> <\/strong>come\u00e7a em 12 de novembro, \u00e0s 02h38. At\u00e9 l\u00e1, a tend\u00eancia \u00e9 que a Lua v\u00e1 diminuindo seu brilho e comece a &#8220;minguar&#8221;.<\/p>\n<p style=\"margin: 0; font-size: 16px;\">&#13;<br \/>\n      Receba as principais <strong>not\u00edcias de tecnologia<\/strong>, lan\u00e7amentos e promo\u00e7\u00f5es diretamente no seu <strong>WhatsApp!<\/strong>&#13;\n    <\/p>\n<p>  <a class=\"no-redirect-php\" href=\"https:\/\/www.oficinadanet.com.br\/go\/whatsapp\" style=\"background-color: #00a859; color: white; padding: 10px 16px; text-decoration: none; border-radius: 5px; font-weight: bold;\" rel=\"nofollow noopener\" target=\"_blank\">&#13;<br \/>\n    Inscrever-se&#13;<br \/>\n  <\/a><\/p>\n<p>\ud83d\udc49 Aproveite e fique por dentro de outros conte\u00fados que criamos aqui no Oficina da Net. Veja a lista completa com os <strong><a class=\"tg-link-manual\" href=\"https:\/\/www.oficinadanet.com.br\/entretenimento\/65533-filmes-cinemas-novembro-2025\" rel=\"nofollow noopener\" target=\"_blank\">lan\u00e7amentos de filmes em novembro<\/a><\/strong>. Confira tamb\u00e9m os <strong><a class=\"tg-link-manual\" href=\"https:\/\/www.oficinadanet.com.br\/games\/65531-lancamentos-jogos-novembro-2025\" rel=\"nofollow noopener\" target=\"_blank\">jogos que ser\u00e3o lan\u00e7ados durante todo esse m\u00eas de novembro<\/a><\/strong>.<\/p>\n","protected":false},"excerpt":{"rendered":"Hoje, 10 de novembro de 2025, a Lua segue na fase Cheia, mas agora apresenta 67,27% de visibilidade,&hellip;\n","protected":false},"author":2,"featured_media":146390,"comment_status":"","ping_status":"","sticky":false,"template":"","format":"standard","meta":{"footnotes":""},"categories":[84],"tags":[32032,109,107,108,32033,2179,13,2789,32,33,105,103,104,106,110],"class_list":{"0":"post-146389","1":"post","2":"type-post","3":"status-publish","4":"format-standard","5":"has-post-thumbnail","7":"category-ciencia-e-tecnologia","8":"tag-ciclo-lunar","9":"tag-ciencia","10":"tag-ciencia-e-tecnologia","11":"tag-cienciaetecnologia","12":"tag-fase-da-lua","13":"tag-lua","14":"tag-noticias","15":"tag-oficinadanet","16":"tag-portugal","17":"tag-pt","18":"tag-science","19":"tag-science-and-technology","20":"tag-scienceandtechnology","21":"tag-technology","22":"tag-tecnologia"},"share_on_mastodon":{"url":"https:\/\/pubeurope.com\/@pt\/115525029225484443","error":""},"_links":{"self":[{"href":"https:\/\/www.europesays.com\/pt\/wp-json\/wp\/v2\/posts\/146389","targetHints":{"allow":["GET"]}}],"collection":[{"href":"https:\/\/www.europesays.com\/pt\/wp-json\/wp\/v2\/posts"}],"about":[{"href":"https:\/\/www.europesays.com\/pt\/wp-json\/wp\/v2\/types\/post"}],"author":[{"embeddable":true,"href":"https:\/\/www.europesays.com\/pt\/wp-json\/wp\/v2\/users\/2"}],"replies":[{"embeddable":true,"href":"https:\/\/www.europesays.com\/pt\/wp-json\/wp\/v2\/comments?post=146389"}],"version-history":[{"count":0,"href":"https:\/\/www.europesays.com\/pt\/wp-json\/wp\/v2\/posts\/146389\/revisions"}],"wp:featuredmedia":[{"embeddable":true,"href":"https:\/\/www.europesays.com\/pt\/wp-json\/wp\/v2\/media\/146390"}],"wp:attachment":[{"href":"https:\/\/www.europesays.com\/pt\/wp-json\/wp\/v2\/media?parent=146389"}],"wp:term":[{"taxonomy":"category","embeddable":true,"href":"https:\/\/www.europesays.com\/pt\/wp-json\/wp\/v2\/categories?post=146389"},{"taxonomy":"post_tag","embeddable":true,"href":"https:\/\/www.europesays.com\/pt\/wp-json\/wp\/v2\/tags?post=146389"}],"curies":[{"name":"wp","href":"https:\/\/api.w.org\/{rel}","templated":true}]}}