{"id":146393,"date":"2025-11-10T10:57:05","date_gmt":"2025-11-10T10:57:05","guid":{"rendered":"https:\/\/www.europesays.com\/pt\/146393\/"},"modified":"2025-11-10T10:57:05","modified_gmt":"2025-11-10T10:57:05","slug":"semana-de-chuva-em-quase-todos-os-dias-intensidade-e-incerta-ipma","status":"publish","type":"post","link":"https:\/\/www.europesays.com\/pt\/146393\/","title":{"rendered":"Semana de chuva em quase todos os dias. Intensidade \u00e9 incerta | IPMA"},"content":{"rendered":"<p>A semana come\u00e7a com chuva, que pode ser persistente e forte em alguns locais e as temperaturas dever\u00e3o manter-se sem grandes varia\u00e7\u00f5es, disse \u00e0 Lusa Paula Leit\u00e3o, meteorologista do Instituto Portugu\u00eas do Mar e da Atmosfera (IPMA).<\/p>\n<p>&#8220;Vai ser uma semana em que vamos ter alguma chuva persistente, mas ainda \u00e9 uma situa\u00e7\u00e3o que tem algum grau de incerteza muito grande em rela\u00e7\u00e3o ao per\u00edodo em que vai haver mais <a href=\"https:\/\/www.publico.pt\/chuva\" target=\"_blank\" rel=\"nofollow noopener\">chuva<\/a>&#8220;, indicou<\/p>\n<p>De acordo com Paula Leit\u00e3o, est\u00e3o em aproxima\u00e7\u00e3o algumas superf\u00edcies frontais, que ao aproximarem-se da Pen\u00ednsula Ib\u00e9rica podem ser bloqueadas pelo anticiclone que est\u00e1 sobre o continente. &#8220;As superf\u00edcies frontais come\u00e7am a dissipar e algumas conseguem passar para Portugal continental e outras sobre o mar e o momento em que vai haver mais precipita\u00e7\u00e3o ainda est\u00e1 dependente deste jogo de for\u00e7as com o anticiclone e com a sua capacidade de bloquear estas superf\u00edcies frontais&#8221;, explicou.<\/p>\n<p>Segundo a meteorologista do <a href=\"https:\/\/www.publico.pt\/ipma\" target=\"_blank\" rel=\"nofollow noopener\">IPMA<\/a>, dever\u00e1 chover quase todos os dias da semana, mas com intensidade incerta.<\/p>\n<p>&#8220;J\u00e1 choveu durante a noite e a tend\u00eancia \u00e9 haver ainda alguma chuva fraca ao longo do dia desta segunda-feira, mas mais no Norte e Centro. Ter\u00e7a-feira ao fim da tarde ser\u00e1 mais persistente e por vezes forte na regi\u00e3o do Minho, situa\u00e7\u00e3o que levou \u00e0 emiss\u00e3o de aviso amarelo&#8221;, disse.<\/p>\n<p>De acordo com Paula Leit\u00e3o, est\u00e1 prevista agita\u00e7\u00e3o mar\u00edtima, o vento vai intensificar-se a partir de ter\u00e7a-feira, sendo de 80 quil\u00f3metros por hora nas terras altas, e as temperaturas n\u00e3o v\u00e3o sofrer altera\u00e7\u00f5es significativas.<\/p>\n<p>O Instituto Portugu\u00eas do Mar e da Atmosfera (IPMA) emitiu aviso amarelo para os distritos do Porto, Viana do Castelo, Leiria, Aveiro, Coimbra e Braga devido \u00e0 agita\u00e7\u00e3o mar\u00edtima. O aviso amarelo para estes seis distritos vai estar em vigor entre as 4h40 desta segunda-feira e as 15h de quarta-feira.<\/p>\n<p>O IPMA emitiu tamb\u00e9m aviso amarelo de chuva, por vezes forte e persistente, para o distrito do Porto (entre as 6h e as 17h de quarta-feira) e Viana do Castelo e Braga (entre as 18h de ter\u00e7a-feira e as 00h de quarta-feira e entre as 6h e as 17h de quarta-feira).<\/p>\n<p>Tamb\u00e9m o arquip\u00e9lago da Madeira vai estar sob aviso amarelo por causa da chuva, por vezes forte, com condi\u00e7\u00f5es favor\u00e1veis \u00e0 ocorr\u00eancia de trovoadas, entre as 00h e as 12h de quarta-feira. O IPMA colocou tamb\u00e9m o grupo ocidental dos A\u00e7ores (Flores e Corvo) com aviso amarelo face ao vento esperado, entre as 12h e as 21h desta segunda-feira.<\/p>\n<p>O aviso amarelo \u00e9 emitido pelo IPMA quando h\u00e1 uma <a href=\"https:\/\/www.publico.pt\/2025\/10\/28\/azul\/noticia\/chuva-volta-setubal-evora-beja-faro-aviso-laranja-2152379\" target=\"_blank\" rel=\"nofollow noopener\">situa\u00e7\u00e3o de risco<\/a> para determinadas actividades dependentes da situa\u00e7\u00e3o meteorol\u00f3gica.<\/p>\n","protected":false},"excerpt":{"rendered":"A semana come\u00e7a com chuva, que pode ser persistente e forte em alguns locais e as temperaturas dever\u00e3o&hellip;\n","protected":false},"author":2,"featured_media":146394,"comment_status":"","ping_status":"","sticky":false,"template":"","format":"standard","meta":{"footnotes":""},"categories":[8],"tags":[351,785,27,28,3945,2139,353,15,16,14,350,25,26,1301,21,22,606,5207,12,988,13,19,20,32,23,24,33,17,18,29,30,31],"class_list":{"0":"post-146393","1":"post","2":"type-post","3":"status-publish","4":"format-standard","5":"has-post-thumbnail","7":"category-principais-noticias","8":"tag-acores","9":"tag-azul","10":"tag-breaking-news","11":"tag-breakingnews","12":"tag-centro","13":"tag-chuva","14":"tag-em-destaque","15":"tag-featured-news","16":"tag-featurednews","17":"tag-headlines","18":"tag-ipma","19":"tag-latest-news","20":"tag-latestnews","21":"tag-madeira","22":"tag-main-news","23":"tag-mainnews","24":"tag-meteorologia","25":"tag-minho","26":"tag-news","27":"tag-norte","28":"tag-noticias","29":"tag-noticias-principais","30":"tag-noticiasprincipais","31":"tag-portugal","32":"tag-principais-noticias","33":"tag-principaisnoticias","34":"tag-pt","35":"tag-top-stories","36":"tag-topstories","37":"tag-ultimas","38":"tag-ultimas-noticias","39":"tag-ultimasnoticias"},"share_on_mastodon":{"url":"https:\/\/pubeurope.com\/@pt\/115525048877025905","error":""},"_links":{"self":[{"href":"https:\/\/www.europesays.com\/pt\/wp-json\/wp\/v2\/posts\/146393","targetHints":{"allow":["GET"]}}],"collection":[{"href":"https:\/\/www.europesays.com\/pt\/wp-json\/wp\/v2\/posts"}],"about":[{"href":"https:\/\/www.europesays.com\/pt\/wp-json\/wp\/v2\/types\/post"}],"author":[{"embeddable":true,"href":"https:\/\/www.europesays.com\/pt\/wp-json\/wp\/v2\/users\/2"}],"replies":[{"embeddable":true,"href":"https:\/\/www.europesays.com\/pt\/wp-json\/wp\/v2\/comments?post=146393"}],"version-history":[{"count":0,"href":"https:\/\/www.europesays.com\/pt\/wp-json\/wp\/v2\/posts\/146393\/revisions"}],"wp:featuredmedia":[{"embeddable":true,"href":"https:\/\/www.europesays.com\/pt\/wp-json\/wp\/v2\/media\/146394"}],"wp:attachment":[{"href":"https:\/\/www.europesays.com\/pt\/wp-json\/wp\/v2\/media?parent=146393"}],"wp:term":[{"taxonomy":"category","embeddable":true,"href":"https:\/\/www.europesays.com\/pt\/wp-json\/wp\/v2\/categories?post=146393"},{"taxonomy":"post_tag","embeddable":true,"href":"https:\/\/www.europesays.com\/pt\/wp-json\/wp\/v2\/tags?post=146393"}],"curies":[{"name":"wp","href":"https:\/\/api.w.org\/{rel}","templated":true}]}}