{"id":146420,"date":"2025-11-10T11:23:12","date_gmt":"2025-11-10T11:23:12","guid":{"rendered":"https:\/\/www.europesays.com\/pt\/146420\/"},"modified":"2025-11-10T11:23:12","modified_gmt":"2025-11-10T11:23:12","slug":"mundial-sub-17-portugal-deixa-fugir-primeiro-lugar-com-derrota-frente-ao-japao","status":"publish","type":"post","link":"https:\/\/www.europesays.com\/pt\/146420\/","title":{"rendered":"Mundial sub-17: Portugal deixa fugir primeiro lugar com derrota frente ao Jap\u00e3o"},"content":{"rendered":"<p>Portugal fechou a fase de grupos do Mundial sub-17 com uma derrota frente ao Jap\u00e3o (2-1). Depois de duas goleadas nas primeiras jornadas, a terceira e \u00faltima jornada despromoveu os jovens lusos para segundo do grupo. No entanto, o apuramento j\u00e1 estava garantido.\u00a0<\/p>\n<p>Os golos japoneses surgiram na primeira parte. Takeshi Wada, m\u00e9dio de 16 anos, fez o primeiro da partida aos 35 minutos. Portugal respondeu mas teve um golo anulado na passagem do minuto 39.<\/p>\n<p>J\u00e1 a fechar o intervalo, Taiga Seguchi dilatou a vantagem para o Jap\u00e3o (2-0). As equipas foram, portanto, para os balne\u00e1rios com os asi\u00e1ticos a vencer por 2-0.<\/p>\n<p>Ao intervalo, Bino Ma\u00e7\u00e3es, selecionador dos sub-17, promoveu tr\u00eas altera\u00e7\u00f5es. Aos 70 minutos Kaji Chonan viu o vermelho direto e deixou o Jap\u00e3o reduzido a dez unidades. Portugal aproveitou e reduziu a vantagem pelos p\u00e9s de Zeega, avan\u00e7ado do V. Guimar\u00e3es, (79m).<\/p>\n<p>Portugal pressionou bastante at\u00e9 ao apito final. No entanto, ora por m\u00e9rito do guarda-redes ora por m\u00e9rito da defesa japonesa, a equipa lusa n\u00e3o conseguiu empatar a partida.<\/p>\n<p>Com este resultado (2-1), Portugal fica no segundo lugar do grupo com seis pontos. O Jap\u00e3o, por sua vez, assume a lideran\u00e7a do grupo B com sete pontos.\u00a0<\/p>\n","protected":false},"excerpt":{"rendered":"Portugal fechou a fase de grupos do Mundial sub-17 com uma derrota frente ao Jap\u00e3o (2-1). Depois de&hellip;\n","protected":false},"author":2,"featured_media":146421,"comment_status":"","ping_status":"","sticky":false,"template":"","format":"standard","meta":{"footnotes":""},"categories":[87],"tags":[135,461,46,30972,32,33,47,4338,5420,16170,134,31532],"class_list":{"0":"post-146420","1":"post","2":"type-post","3":"status-publish","4":"format-standard","5":"has-post-thumbnail","7":"category-desporto","8":"tag-desporto","9":"tag-japao","10":"tag-maisfutebol","11":"tag-mundial-sub-17","12":"tag-portugal","13":"tag-pt","14":"tag-pura-paixao","15":"tag-selecao","16":"tag-selecao-nacional","17":"tag-selecao-portuguesa","18":"tag-sports","19":"tag-sub-17"},"share_on_mastodon":{"url":"https:\/\/pubeurope.com\/@pt\/115525150737888076","error":""},"_links":{"self":[{"href":"https:\/\/www.europesays.com\/pt\/wp-json\/wp\/v2\/posts\/146420","targetHints":{"allow":["GET"]}}],"collection":[{"href":"https:\/\/www.europesays.com\/pt\/wp-json\/wp\/v2\/posts"}],"about":[{"href":"https:\/\/www.europesays.com\/pt\/wp-json\/wp\/v2\/types\/post"}],"author":[{"embeddable":true,"href":"https:\/\/www.europesays.com\/pt\/wp-json\/wp\/v2\/users\/2"}],"replies":[{"embeddable":true,"href":"https:\/\/www.europesays.com\/pt\/wp-json\/wp\/v2\/comments?post=146420"}],"version-history":[{"count":0,"href":"https:\/\/www.europesays.com\/pt\/wp-json\/wp\/v2\/posts\/146420\/revisions"}],"wp:featuredmedia":[{"embeddable":true,"href":"https:\/\/www.europesays.com\/pt\/wp-json\/wp\/v2\/media\/146421"}],"wp:attachment":[{"href":"https:\/\/www.europesays.com\/pt\/wp-json\/wp\/v2\/media?parent=146420"}],"wp:term":[{"taxonomy":"category","embeddable":true,"href":"https:\/\/www.europesays.com\/pt\/wp-json\/wp\/v2\/categories?post=146420"},{"taxonomy":"post_tag","embeddable":true,"href":"https:\/\/www.europesays.com\/pt\/wp-json\/wp\/v2\/tags?post=146420"}],"curies":[{"name":"wp","href":"https:\/\/api.w.org\/{rel}","templated":true}]}}