{"id":146426,"date":"2025-11-10T11:27:11","date_gmt":"2025-11-10T11:27:11","guid":{"rendered":"https:\/\/www.europesays.com\/pt\/146426\/"},"modified":"2025-11-10T11:27:11","modified_gmt":"2025-11-10T11:27:11","slug":"bonus-depende-de-folga-afinal-quanto-aumentam-as-pensoes-em-2026","status":"publish","type":"post","link":"https:\/\/www.europesays.com\/pt\/146426\/","title":{"rendered":"B\u00f3nus depende de folga. Afinal, quanto aumentam as pens\u00f5es em 2026?"},"content":{"rendered":"<p>A ministra do Trabalho afirmou <a href=\"https:\/\/www.noticiasaominuto.com\/economia\/2884413\/governo-confirma-pensoes-mais-baixas-deverao-aumentar-2-79-em-2026\" target=\"_blank\" rel=\"noopener nofollow\">na sexta-feira, no Parlamento<\/a>, que as pens\u00f5es mais baixas dever\u00e3o ter um aumento de 2,79% em 2026 e que a atribui\u00e7\u00e3o de um suplemento extraordin\u00e1rio, \u00e0 semelhan\u00e7a do que aconteceu este ano, depender\u00e1 da folga or\u00e7amental.<\/p>\n<p>Na audi\u00e7\u00e3o no \u00e2mbito da discuss\u00e3o na especialidade do Or\u00e7amento do Estado para 2026 (OE2026), a ministra reiterou que o Governo vai &#8220;proceder ao aumento das pens\u00f5es \u00e0 taxa legal&#8221; e &#8220;havendo folga or\u00e7amental&#8221; atribuir um novo suplemento extraordin\u00e1rio aos pensionistas com reformas mais baixas.<\/p>\n<p>Quanto v\u00e3o subir as pens\u00f5es?\u00a0<\/p>\n<p>Palma Ramalho indicou ainda que, com base nos &#8220;dados mais recentes&#8221; do INE as pens\u00f5es mais baixas, isto \u00e9, at\u00e9 dois IAS (o equivalente a 1.045 euros] &#8220;dever\u00e3o ter um aumento de 2,79%, ou seja, 0,5 pontos acima da infla\u00e7\u00e3o de 2025&#8221;. Segundo a ministra, esta atualiza\u00e7\u00e3o abrange cerca de 90% dos pensionistas.<\/p>\n<p>Em resposta ao deputado socialista Miguel Cabrita, a governante disse ainda que o aumento das pens\u00f5es entre 2 e 6 IAS (entre 1.045 euros e a 3.135 euros) &#8220;dever\u00e3o ter um aumento de 2,29%, ou seja, igual \u00e0 infla\u00e7\u00e3o&#8221;, pelo que a atualiza\u00e7\u00e3o \u00e9 &#8220;neutra em termos de poder de contra&#8221;.<\/p>\n<p>&#8220;S\u00f3 as pens\u00f5es acima de 6 IAS \u00e9 que dever\u00e3o ficar 0,25% abaixo da infla\u00e7\u00e3o&#8221;, isto \u00e9, perdendo poder de compra, admitiu a ministra, sublinhando, no entanto, que &#8220;estas pens\u00f5es s\u00e3o 1% das pens\u00f5es em Portugal&#8221;.<\/p>\n<p>                                                    <img decoding=\"async\" src=\"https:\/\/www.europesays.com\/pt\/wp-content\/uploads\/2025\/10\/naom_67599c2f4558b.jpg\" border=\"0\" alt=\"Governo confirma: Pens\u00f5es mais baixas dever\u00e3o aumentar 2,79% em 2026\"\/><\/p>\n<p>Ministra do Trabalho revelou que as &#8220;pens\u00f5es at\u00e9 duas vezes o Indexante dos Apoios Sociais (IAS) dever\u00e3o ter um aumento de 2,79%, ou seja, 0,5 pontos acima da infla\u00e7\u00e3o de 2025&#8221;.<\/p>\n<p>                                                     Beatriz Vasconcelos | 10:13 &#8211; 07\/11\/2025 <\/p>\n<p>Questionada pelo mesmo deputado sobre o parecer do CES, que defende um aumento permanente das pens\u00f5es em vez de medidas pontuais, Palma Ramalho disse que o Governo est\u00e1 &#8220;em desacordo com o princ\u00edpio&#8221; e insistiu numa atualiza\u00e7\u00e3o das pens\u00f5es seguindo a f\u00f3rmula legal.<\/p>\n<p>&#8220;N\u00f3s temos de proteger todas as pens\u00f5es. [&#8230;] Isso significa que o or\u00e7amento tem de ser, desse ponto de vista, um or\u00e7amento cuidadoso que n\u00e3o ponha em causa a sustentabilidade das contas p\u00fablicas e, nomeadamente, n\u00e3o ponha em causa a sustentabilidade de todas as pens\u00f5es, incluindo as pens\u00f5es futuras dos trabalhadores&#8221;, apontou.<\/p>\n<p>Segundo a ministra, ao aumento de 640 milh\u00f5es de euros das pens\u00f5es da Seguran\u00e7a Social, devem somar-se &#8220;300 milh\u00f5es de euros que correspondem ao aumento das pens\u00f5es da Caixa Geral de Aposenta\u00e7\u00f5es&#8221;, o que perfaz 940 milh\u00f5es de euros de aumento permanente para o conjunto dos pensionistas.<\/p>\n<p>Complemento Solid\u00e1rio para Idosos (tamb\u00e9m) aumenta<\/p>\n<p>A ministra lembrou ainda que a estes valores acresce a despesa com o aumento do complemento solid\u00e1rio para idosos, no valor de 120 milh\u00f5es de euros, o que se traduz num aumento permanente superior a mil milh\u00f5es de euros em 2026.<\/p>\n<p>Alguns partidos j\u00e1 apresentaram propostas de altera\u00e7\u00e3o no sentido de se avan\u00e7ar com um aumento permanente das pens\u00f5es, incluindo Chega e PCP. Concretamente sobre a proposta dos comunistas, que prop\u00f5em um aumento permanente de 5%, a governante disse que a despesa \u00e9 &#8220;incomport\u00e1vel&#8221;, ascendendo a 4 mil milh\u00f5es de euros.<\/p>\n<p>Leia Tamb\u00e9m: <a href=\"https:\/\/www.noticiasaominuto.com\/economia\/2884869\/ministro-diz-que-proposta-do-ps-para-aumento-de-pensoes-e-contraditoria\" target=\"_blank\" rel=\"noopener noreferrer nofollow\">Ministro diz que proposta do PS para aumento de pens\u00f5es \u00e9 &#8220;contradit\u00f3ria&#8221;<\/a><\/p>\n","protected":false},"excerpt":{"rendered":"A ministra do Trabalho afirmou na sexta-feira, no Parlamento, que as pens\u00f5es mais baixas dever\u00e3o ter um aumento&hellip;\n","protected":false},"author":2,"featured_media":146427,"comment_status":"","ping_status":"","sticky":false,"template":"","format":"standard","meta":{"footnotes":""},"categories":[83],"tags":[88,89,90,32,33],"class_list":{"0":"post-146426","1":"post","2":"type-post","3":"status-publish","4":"format-standard","5":"has-post-thumbnail","7":"category-empresas","8":"tag-business","9":"tag-economy","10":"tag-empresas","11":"tag-portugal","12":"tag-pt"},"share_on_mastodon":{"url":"https:\/\/pubeurope.com\/@pt\/115525166364815692","error":""},"_links":{"self":[{"href":"https:\/\/www.europesays.com\/pt\/wp-json\/wp\/v2\/posts\/146426","targetHints":{"allow":["GET"]}}],"collection":[{"href":"https:\/\/www.europesays.com\/pt\/wp-json\/wp\/v2\/posts"}],"about":[{"href":"https:\/\/www.europesays.com\/pt\/wp-json\/wp\/v2\/types\/post"}],"author":[{"embeddable":true,"href":"https:\/\/www.europesays.com\/pt\/wp-json\/wp\/v2\/users\/2"}],"replies":[{"embeddable":true,"href":"https:\/\/www.europesays.com\/pt\/wp-json\/wp\/v2\/comments?post=146426"}],"version-history":[{"count":0,"href":"https:\/\/www.europesays.com\/pt\/wp-json\/wp\/v2\/posts\/146426\/revisions"}],"wp:featuredmedia":[{"embeddable":true,"href":"https:\/\/www.europesays.com\/pt\/wp-json\/wp\/v2\/media\/146427"}],"wp:attachment":[{"href":"https:\/\/www.europesays.com\/pt\/wp-json\/wp\/v2\/media?parent=146426"}],"wp:term":[{"taxonomy":"category","embeddable":true,"href":"https:\/\/www.europesays.com\/pt\/wp-json\/wp\/v2\/categories?post=146426"},{"taxonomy":"post_tag","embeddable":true,"href":"https:\/\/www.europesays.com\/pt\/wp-json\/wp\/v2\/tags?post=146426"}],"curies":[{"name":"wp","href":"https:\/\/api.w.org\/{rel}","templated":true}]}}